[{"command":"insert","method":"replaceWith","selector":"#indicator-content-ajax","data":"\n\n\u003C!-- THEME DEBUG --\u003E\n\u003C!-- THEME HOOK: \u0027container\u0027 --\u003E\n\u003C!-- \ud83d\udca1 BEGIN CUSTOM TEMPLATE OUTPUT from \u0027themes\/custom\/sub_noahs_theme\/templates\/form\/container.html.twig\u0027 --\u003E\n\u003Cdiv id=\u0022indicator-content-ajax\u0022 class=\u0022daba-bank-full-main  mb-lg-0\u0022\u003E\n\n\u003C!-- THEME DEBUG --\u003E\n\u003C!-- THEME HOOK: \u0027container\u0027 --\u003E\n\u003C!-- \ud83d\udca1 BEGIN CUSTOM TEMPLATE OUTPUT from \u0027themes\/custom\/sub_noahs_theme\/templates\/form\/container.html.twig\u0027 --\u003E\n\u003Cdiv class=\u0022data-bank-indicator-title text-uppercase fs-5 fw-bold pb-2 mb-lg-0\u0022\u003E\u003Cp\u003EPrincipales resultados\u003C\/p\u003E\n\u003C\/div\u003E\n\n\u003C!-- END CUSTOM TEMPLATE OUTPUT from \u0027themes\/custom\/sub_noahs_theme\/templates\/form\/container.html.twig\u0027 --\u003E\n\n\n\n\u003C!-- THEME DEBUG --\u003E\n\u003C!-- THEME HOOK: \u0027container\u0027 --\u003E\n\u003C!-- \ud83d\udca1 BEGIN CUSTOM TEMPLATE OUTPUT from \u0027themes\/custom\/sub_noahs_theme\/templates\/form\/container.html.twig\u0027 --\u003E\n\u003Cdiv class=\u0022o-field-value mb-lg-0\u0022\u003E\u003Cul\u003E\u003Cli\u003ESeg\u00fan los \u00faltimos datos en 2024, el volumen de la poblaci\u00f3n en edad activa con discapacidad oficialmente reconocida disminuye en 5.300 personas. El total de personas con discapacidad desde 2014 est\u00e1 compuesto, por una parte, por aquellos que tienen certificado de discapacidad igual o superior al 33% y por otra, quienes cuentan con una incapacidad reconocida, ambos subconjuntos no est\u00e1n presentando la misma tendencia, los primeros muestran un claro incremento del 17,4% desde 2014 mientras que el n\u00famero de personas con incapacidad parece descender poco a poco (32.500 personas menos).\u003C\/li\u003E\u003Cli\u003ELa presencia de hombres sigue siendo mayoritaria con un 55,8% al igual que ocurre con el segmento de edad de 45 a 64 a\u00f1os que suma el 73% de las personas con discapacidad en edad laboral.\u003C\/li\u003E\u003Cli\u003ELa discapacidad predominante es la de car\u00e1cter f\u00edsico que representa el 39,2% de las personas con discapacidad, le sigue a gran distancia las personas con discapacidad psicosocial\u0026nbsp;e intelectual.\u003C\/li\u003E\u003Cli\u003EEl volumen m\u00e1s significativo de personas con discapacidad con el 64,6% del total son aquellas que se encuentran en situaci\u00f3n de inactividad, en el lado contrario tan solo el 28,9% est\u00e1n ocupados (este dato para las personas sin discapacidad es del 69,7%).\u003C\/li\u003E\u003Cli\u003EDesde el punto de vista territorial, cuatro comunidades acumulan el 57,7% de las personas con discapacidad son, Andaluc\u00eda, Catalu\u00f1a, Comunidad Valenciana y Comunidad de Madrid.\u003C\/li\u003E\u003Cli\u003ESi comparamos los datos 2024\u0026nbsp;con el ejercicio anterior evidenciamos un descenso del 0,3% en el n\u00famero de personas con discapacidad oficialmente reconocidas.\u003C\/li\u003E\u003C\/ul\u003E\u003C\/div\u003E\n\n\u003C!-- END CUSTOM TEMPLATE OUTPUT from \u0027themes\/custom\/sub_noahs_theme\/templates\/form\/container.html.twig\u0027 --\u003E\n\n\u003C\/div\u003E\n\n\u003C!-- END CUSTOM TEMPLATE OUTPUT from \u0027themes\/custom\/sub_noahs_theme\/templates\/form\/container.html.twig\u0027 --\u003E\n\n","settings":null,"effect":"fade","speed":"slow"}]