[{"command":"add_css","data":[{"rel":"stylesheet","media":"all","href":"\/modules\/contrib\/paragraphs\/css\/paragraphs.unpublished.css?tdzxgi"},{"rel":"stylesheet","media":"all","href":"\/themes\/custom\/bootstrap_barrio\/css\/components\/node.css?tdzxgi"}]},{"command":"insert","method":"replaceWith","selector":"#indicator-content-ajax","data":"\n\n\u003C!-- THEME DEBUG --\u003E\n\u003C!-- THEME HOOK: \u0027container\u0027 --\u003E\n\u003C!-- \ud83d\udca1 BEGIN CUSTOM TEMPLATE OUTPUT from \u0027themes\/custom\/sub_noahs_theme\/templates\/form\/container.html.twig\u0027 --\u003E\n\u003Cdiv id=\u0022indicator-content-ajax\u0022 class=\u0022daba-bank-full-main  mb-lg-0\u0022\u003E\n\n\u003C!-- THEME DEBUG --\u003E\n\u003C!-- THEME HOOK: \u0027container\u0027 --\u003E\n\u003C!-- \ud83d\udca1 BEGIN CUSTOM TEMPLATE OUTPUT from \u0027themes\/custom\/sub_noahs_theme\/templates\/form\/container.html.twig\u0027 --\u003E\n\u003Cdiv class=\u0022data-bank-indicator-title text-uppercase fs-5 fw-bold pb-2 mb-lg-0\u0022\u003E\u003Cp\u003EComparativa internacional\u003C\/p\u003E\n\u003C\/div\u003E\n\n\u003C!-- END CUSTOM TEMPLATE OUTPUT from \u0027themes\/custom\/sub_noahs_theme\/templates\/form\/container.html.twig\u0027 --\u003E\n\n\n\n\u003C!-- THEME DEBUG --\u003E\n\u003C!-- THEME HOOK: \u0027container\u0027 --\u003E\n\u003C!-- \ud83d\udca1 BEGIN CUSTOM TEMPLATE OUTPUT from \u0027themes\/custom\/sub_noahs_theme\/templates\/form\/container.html.twig\u0027 --\u003E\n\u003Cdiv class=\u0022o-field-value mb-lg-0\u0022\u003E\n\n\u003C!-- THEME DEBUG --\u003E\n\u003C!-- THEME HOOK: \u0027node\u0027 --\u003E\n\u003C!-- FILE NAME SUGGESTIONS:\n   \u25aa\ufe0f node--927--teaser.html.twig\n   \u25aa\ufe0f node--927.html.twig\n   \u25aa\ufe0f node--data-sample--teaser.html.twig\n   \u2705 node--data-sample.html.twig\n   \u25aa\ufe0f node--teaser.html.twig\n   \u25aa\ufe0f node.html.twig\n--\u003E\n\u003C!-- \ud83d\udca1 BEGIN CUSTOM TEMPLATE OUTPUT from \u0027themes\/custom\/sub_noahs_theme\/templates\/content\/node--data-sample.html.twig\u0027 --\u003E\n\n\n\u003Carticle class=\u0022node node--type-data-sample node--view-mode-teaser clearfix\u0022\u003E\n    \u003Cdiv class=\u0022node__content clearfix m-0\u0022\u003E\n        \n\n\u003C!-- THEME DEBUG --\u003E\n\u003C!-- THEME HOOK: \u0027container\u0027 --\u003E\n\u003C!-- \ud83d\udca1 BEGIN CUSTOM TEMPLATE OUTPUT from \u0027themes\/custom\/sub_noahs_theme\/templates\/form\/container.html.twig\u0027 --\u003E\n\u003Cdiv class=\u0022field field--name-field-title field--type-string field--label-hidden field__item teaser-title text-primary pb-3 mb-lg-0\u0022\u003E\u003Ca href=\u0022\/datos\/tasa-de-prevalencia-de-la-discapacidad-entre-la-poblacion-de-20-64-anos-en-paises-de-la-0\u0022\u003ETasa de prevalencia de la discapacidad entre la poblaci\u00f3n de 20 a 64 a\u00f1os en pa\u00edses de la Uni\u00f3n Europea. 2011\u003C\/a\u003E\u003C\/div\u003E\n\n\u003C!-- END CUSTOM TEMPLATE OUTPUT from \u0027themes\/custom\/sub_noahs_theme\/templates\/form\/container.html.twig\u0027 --\u003E\n\n\n\n\u003C!-- THEME DEBUG --\u003E\n\u003C!-- THEME HOOK: \u0027field\u0027 --\u003E\n\u003C!-- FILE NAME SUGGESTIONS:\n   \u25aa\ufe0f field--node--field-source-data--data-sample.html.twig\n   \u25aa\ufe0f field--node--field-source-data.html.twig\n   \u25aa\ufe0f field--node--data-sample.html.twig\n   \u25aa\ufe0f field--field-source-data.html.twig\n   \u25aa\ufe0f field--entity-reference-revisions.html.twig\n   \u2705 field.html.twig\n--\u003E\n\u003C!-- BEGIN OUTPUT from \u0027themes\/contrib\/noahs_builder_theme\/templates\/field\/field.html.twig\u0027 --\u003E\n\n            \u003Cdiv class=\u0022field field-field-source-data field-type-entity-reference-revisions field-label-hidden field-item\u0022\u003E\n\n\u003C!-- THEME DEBUG --\u003E\n\u003C!-- THEME HOOK: \u0027paragraph\u0027 --\u003E\n\u003C!-- FILE NAME SUGGESTIONS:\n   \u25aa\ufe0f paragraph--1872.html.twig\n   \u25aa\ufe0f paragraph--html--default.html.twig\n   \u25aa\ufe0f paragraph--html.html.twig\n   \u2705 paragraph--default.html.twig\n   \u25aa\ufe0f paragraph.html.twig\n--\u003E\n\u003C!-- \ud83d\udca1 BEGIN CUSTOM TEMPLATE OUTPUT from \u0027themes\/custom\/sub_noahs_theme\/templates\/paragraph\/paragraph--default.html.twig\u0027 --\u003E\n\n  \u003Cdiv class=\u0022paragraph paragraph--type--html paragraph--view-mode--default\u0022\u003E\n      \u003Cdiv class=\u0022container-fluid p-0\u0022\u003E\n          \n\n\u003C!-- THEME DEBUG --\u003E\n\u003C!-- THEME HOOK: \u0027field\u0027 --\u003E\n\u003C!-- FILE NAME SUGGESTIONS:\n   \u25aa\ufe0f field--paragraph--field-description--html.html.twig\n   \u25aa\ufe0f field--paragraph--field-description.html.twig\n   \u25aa\ufe0f field--paragraph--html.html.twig\n   \u25aa\ufe0f field--field-description.html.twig\n   \u25aa\ufe0f field--text-long.html.twig\n   \u2705 field.html.twig\n--\u003E\n\u003C!-- BEGIN OUTPUT from \u0027themes\/contrib\/noahs_builder_theme\/templates\/field\/field.html.twig\u0027 --\u003E\n\n            \u003Cdiv class=\u0022field field-field-description field-type-text-long field-label-hidden field-item\u0022\u003E\u003Cdiv class=\u0022tableauPlaceholder\u0022 id=\u0022viz1550826305369\u0022 style=\u0022position: relative\u0022\u003E\u003Cnoscript\u003E\u003Ca href=\u0027\u0027\u003E\u003Cimg alt=\u0027 \u0027 src=\u0027https:\/\/public.tableau.com\/static\/images\/1_\/1_02_Comparativainternacional\/COMPARATIVAEUROPEA\/1_rss.png\u0027 style=\u0027border: none\u0027 \/\u003E\u003C\/a\u003E\u003C\/noscript\u003E\u003Cobject class=\u0022tableauViz\u0022 style=\u0022display:none;\u0022\u003E\u003Cparam name=\u0022host_url\u0022 value=\u0022https%3A%2F%2Fpublic.tableau.com%2F\u0022 \/\u003E\u003Cparam name=\u0022embed_code_version\u0022 value=\u00223\u0022 \/\u003E\u003Cparam name=\u0022site_root\u0022 value=\u0022\u0022 \/\u003E\u003Cparam name=\u0022name\u0022 value=\u00221_02_Comparativainternacional\/COMPARATIVAEUROPEA\u0022 \/\u003E\u003Cparam name=\u0022tabs\u0022 value=\u0022no\u0022 \/\u003E\u003Cparam name=\u0022toolbar\u0022 value=\u0022yes\u0022 \/\u003E\u003Cparam name=\u0022static_image\u0022 value=\u0022https:\/\/public.tableau.com\/static\/images\/1_\/1_02_Comparativainternacional\/COMPARATIVAEUROPEA\/1.png\u0022 \/\u003E\u003Cparam name=\u0022animate_transition\u0022 value=\u0022yes\u0022 \/\u003E\u003Cparam name=\u0022display_static_image\u0022 value=\u0022yes\u0022 \/\u003E\u003Cparam name=\u0022display_spinner\u0022 value=\u0022yes\u0022 \/\u003E\u003Cparam name=\u0022display_overlay\u0022 value=\u0022yes\u0022 \/\u003E\u003Cparam name=\u0022display_count\u0022 value=\u0022yes\u0022 \/\u003E\u003Cparam name=\u0022filter\u0022 value=\u0022publish=yes\u0022 \/\u003E\u003C\/object\u003E\u003C\/div\u003E\u003Cscript type=\u0027text\/javascript\u0027\u003E                    var divElement = document.getElementById(\u0027viz1550826305369\u0027);                    var vizElement = divElement.getElementsByTagName(\u0027object\u0027)[0];                    vizElement.style.width=\u0027100%\u0027;vizElement.style.height=(divElement.offsetWidth*0.75)+\u0027px\u0027;                    var scriptElement = document.createElement(\u0027script\u0027);                    scriptElement.src = \u0027https:\/\/public.tableau.com\/javascripts\/api\/viz_v1.js\u0027;                    vizElement.parentNode.insertBefore(scriptElement, vizElement);                \u003C\/script\u003E\u003Ch5\u003E\u003Cspan style=\u0022font-size: 14px;\u0022\u003EExplicaci\u0026oacute;n sobre el gr\u0026aacute;fico: \u003C\/span\u003E\u003C\/h5\u003E\u003Cp\u003E\u003Cspan style=\u0022font-size: 14px;\u0022\u003EEste mapa muestra la tasa de prevalencia de la discapacidad (entendida como limitaciones para la realizaci\u0026oacute;n de actividades b\u0026aacute;sicas de la vida diaria) entre la poblaci\u0026oacute;n de 16 a 64 a\u0026ntilde;os en pa\u0026iacute;ses de la UE-28. En el eje vertical est\u0026aacute;n dispuestos los pa\u0026iacute;ses y en el horizontal se muestra la tasa de prevalencia. Los valores que contiene el gr\u0026aacute;fico, ordenados de mayor a menor, son los siguientes: Austria: 23,5; Finlandia: 22,3; Luxemburgo: 21,1; Francia: 21,1; Islandia: 19,2; Eslovenia: 18,6; Estonia: 18,5; Letonia: 17,9; Turqu\u0026iacute;a: 17,6; Suiza: 17,4; Portugal: 17,2; Reino Unido: 16,7; Suecia: 16,1; Croacia: 15,3; Dinamarca: 15,1; Alemania: 14,9; Polonia: 14,2; Promedio de la UE-28: 14,0; B\u0026eacute;lgica: 13,8; Pa\u0026iacute;ses Bajos: 13,7; Hungr\u0026iacute;a: 13,2; Lituania: 13,1; Rumania: 11,0; Eslovaquia: 10,3; Bulgaria: 10,2; Chipre: 9,5; Italia: 8,6; Rep\u0026uacute;blica Checa: 8,4; Espa\u0026ntilde;a: 8,1; Malta: 7,2; Grecia: 7,1; Irlanda: 5,2.\u003C\/span\u003E\u003C\/p\u003E\u003C\/div\u003E\n      \n\u003C!-- END OUTPUT from \u0027themes\/contrib\/noahs_builder_theme\/templates\/field\/field.html.twig\u0027 --\u003E\n\n\n          \u003C\/div\u003E\n  \u003C\/div\u003E\n\n\u003C!-- END CUSTOM TEMPLATE OUTPUT from \u0027themes\/custom\/sub_noahs_theme\/templates\/paragraph\/paragraph--default.html.twig\u0027 --\u003E\n\n\u003C\/div\u003E\n      \n\u003C!-- END OUTPUT from \u0027themes\/contrib\/noahs_builder_theme\/templates\/field\/field.html.twig\u0027 --\u003E\n\n\n\n\u003C!-- THEME DEBUG --\u003E\n\u003C!-- THEME HOOK: \u0027pseudo_field\u0027 --\u003E\n\u003C!-- \ud83d\udca1 BEGIN CUSTOM TEMPLATE OUTPUT from \u0027themes\/custom\/sub_noahs_theme\/templates\/field\/pseudo-field.html.twig\u0027 --\u003E\n\n\u003Cdiv class=\u0022field field-pseudo-social-sharing pt-3\u0022\u003E\n  \u003Cdiv class=\u0022pt-3 border-top border-primary\u0022\u003E\n\n\u003C!-- THEME DEBUG --\u003E\n\u003C!-- THEME HOOK: \u0027item_list\u0027 --\u003E\n\u003C!-- BEGIN OUTPUT from \u0027core\/modules\/system\/templates\/item-list.html.twig\u0027 --\u003E\n\u003Ch3\u003ECompartir:\u003C\/h3\u003E\u003Cul class=\u0022share-container__items d-flex gap-3 flex-column flex-sm-row\u0022\u003E\u003Cli class=\u0022share-container__item border-0 rounded-0 p-0 col-12 col-sm-auto share-container__item-facebook\u0022\u003E\u003Ca href=\u0022https:\/\/www.facebook.com\/sharer\/sharer.php?u=https%3A\/\/odismet.org\/datos\/tasa-de-prevalencia-de-la-discapacidad-entre-la-poblacion-de-20-64-anos-en-paises-de-la-0\u0022 class=\u0022text-white share-link px-3 py-2 lh-sm\u0022 target=\u0022_blank\u0022\u003EFacebook\u003C\/a\u003E\u003C\/li\u003E\u003Cli class=\u0022share-container__item border-0 rounded-0 p-0 col-12 col-sm-auto share-container__item-twitter\u0022\u003E\u003Ca href=\u0022https:\/\/twitter.com\/intent\/tweet?text=Tasa%20de%20prevalencia%20de%20la%20discapacidad%20entre%20la%20poblaci%C3%B3n%20de%2020%20a%2064%20a%C3%B1os%20en%20pa%C3%ADses%20de%20la%20Uni%C3%B3n%20Europea.%202011\u0026amp;url=https%3A\/\/odismet.org\/datos\/tasa-de-prevalencia-de-la-discapacidad-entre-la-poblacion-de-20-64-anos-en-paises-de-la-0\u0022 class=\u0022text-white share-link px-3 py-2 lh-sm\u0022 target=\u0022_blank\u0022\u003ETwitter\u003C\/a\u003E\u003C\/li\u003E\u003Cli class=\u0022share-container__item border-0 rounded-0 p-0 col-12 col-sm-auto share-container__item-linkedin\u0022\u003E\u003Ca href=\u0022https:\/\/www.linkedin.com\/shareArticle?mini=true\u0026amp;url=https%3A\/\/odismet.org\/datos\/tasa-de-prevalencia-de-la-discapacidad-entre-la-poblacion-de-20-64-anos-en-paises-de-la-0\u0026amp;title=Tasa%20de%20prevalencia%20de%20la%20discapacidad%20entre%20la%20poblaci%C3%B3n%20de%2020%20a%2064%20a%C3%B1os%20en%20pa%C3%ADses%20de%20la%20Uni%C3%B3n%20Europea.%202011\u0022 class=\u0022text-white share-link px-3 py-2 lh-sm\u0022 target=\u0022_blank\u0022\u003ELinkedin\u003C\/a\u003E\u003C\/li\u003E\u003C\/ul\u003E\n\u003C!-- END OUTPUT from \u0027core\/modules\/system\/templates\/item-list.html.twig\u0027 --\u003E\n\n\n\u003C\/div\u003E\n\n\u003C!-- END CUSTOM TEMPLATE OUTPUT from \u0027themes\/custom\/sub_noahs_theme\/templates\/field\/pseudo-field.html.twig\u0027 --\u003E\n\n\n    \u003C\/div\u003E\n\u003C\/article\u003E\n\n\n\u003C!-- END CUSTOM TEMPLATE OUTPUT from \u0027themes\/custom\/sub_noahs_theme\/templates\/content\/node--data-sample.html.twig\u0027 --\u003E\n\n\u003C\/div\u003E\n\n\u003C!-- END CUSTOM TEMPLATE OUTPUT from \u0027themes\/custom\/sub_noahs_theme\/templates\/form\/container.html.twig\u0027 --\u003E\n\n\u003C\/div\u003E\n\n\u003C!-- END CUSTOM TEMPLATE OUTPUT from \u0027themes\/custom\/sub_noahs_theme\/templates\/form\/container.html.twig\u0027 --\u003E\n\n","settings":null,"effect":"fade","speed":"slow"}]