[{"command":"insert","method":"replaceWith","selector":"#indicator-content-ajax","data":"\n\n\u003C!-- THEME DEBUG --\u003E\n\u003C!-- THEME HOOK: \u0027container\u0027 --\u003E\n\u003C!-- \ud83d\udca1 BEGIN CUSTOM TEMPLATE OUTPUT from \u0027themes\/custom\/sub_noahs_theme\/templates\/form\/container.html.twig\u0027 --\u003E\n\u003Cdiv id=\u0022indicator-content-ajax\u0022 class=\u0022daba-bank-full-main  mb-lg-0\u0022\u003E\n\n\u003C!-- THEME DEBUG --\u003E\n\u003C!-- THEME HOOK: \u0027container\u0027 --\u003E\n\u003C!-- \ud83d\udca1 BEGIN CUSTOM TEMPLATE OUTPUT from \u0027themes\/custom\/sub_noahs_theme\/templates\/form\/container.html.twig\u0027 --\u003E\n\u003Cdiv class=\u0022data-bank-indicator-title text-uppercase fs-5 fw-bold pb-2 mb-lg-0\u0022\u003E\u003Cp\u003EPrincipales resultados\u003C\/p\u003E\n\u003C\/div\u003E\n\n\u003C!-- END CUSTOM TEMPLATE OUTPUT from \u0027themes\/custom\/sub_noahs_theme\/templates\/form\/container.html.twig\u0027 --\u003E\n\n\n\n\u003C!-- THEME DEBUG --\u003E\n\u003C!-- THEME HOOK: \u0027container\u0027 --\u003E\n\u003C!-- \ud83d\udca1 BEGIN CUSTOM TEMPLATE OUTPUT from \u0027themes\/custom\/sub_noahs_theme\/templates\/form\/container.html.twig\u0027 --\u003E\n\u003Cdiv class=\u0022o-field-value mb-lg-0\u0022\u003E\u003Cul\u003E\u003Cli\u003ELa tasa de prevalencia de discapacidad entre la poblaci\u00f3n en edad activa se sit\u00faa el 6,1%, 1 d\u00e9cima inferior\u0026nbsp;al a\u00f1o anterior.\u003C\/li\u003E\u003Cli\u003ELa presencia de hombres con discapacidad reconocida es mayor con una tasa del 6,8%, lo que indica que tanto en los procesos de certificaci\u00f3n, como entre las personas con incapacidad reconocida los varones son mayor\u00eda, en esta cuesti\u00f3n est\u00e1n incidiendo cuestiones de muchos tipos; culturales, de participaci\u00f3n en el mercado de trabajo, familiares etc.\u2026 y no necesariamente la explicaci\u00f3n es que existan m\u00e1s hombres con dificultades para las actividades de la vida diaria que mujeres.\u003C\/li\u003E\u003Cli\u003EPor grupo de edad, podemos comprobar una vez m\u00e1s, la correlaci\u00f3n existente entre discapacidad y edad, dado que la tasa de prevalencia aumenta claramente a medida que se incrementa la edad, una persona de cada 10 en la franja de 45 a 64 a\u00f1os tienen discapacidad, entre los m\u00e1s j\u00f3venes su presencia es de tan solo el 2,6%.\u003C\/li\u003E\u003Cli\u003ELas diferencias entre zona urbana y zona rural no marcan grandes distancias, sin bien es cierto que en las \u00e1reas dispersas la tasa de prevalencia se eleva 7 d\u00e9cimas. Sin embargo, la variable estado civil si parece incidir m\u00e1s, elev\u00e1ndose la tasa de prevalencia hasta el 12,8% para el caso de los viudos\/as por su clara correlaci\u00f3n con la mencionada variable\u0026nbsp;edad.\u003C\/li\u003E\u003Cli\u003EEspecial menci\u00f3n merece la situaci\u00f3n laboral, entre la poblaci\u00f3n activa la presencia de personas con discapacidad cae hasta el 2,9% sin embargo, entre los inactivos se dispara hasta el 16,4%.\u003C\/li\u003E\u003Cli\u003EDesde el punto de vista territorial, al margen de Ceuta y Melilla, las comunidades con una tasa de prevalencia de discapacidad m\u00e1s alta son Cantabria, Galicia y Asturias con 8,5, 8,2, y 8% respectivamente, mientras que las tasas m\u00e1s bajas las encontramos en Islas Baleares y Madrid.\u003C\/li\u003E\u003Cli\u003ESi comparamos a nivel internacional, en concreto entre la Uni\u00f3n Europea de los 28, podemos observar que la prevalencia de la discapacidad (entendida como limitaci\u00f3n para la realizaci\u00f3n de actividades b\u00e1sicas de la vida diaria) entre la poblaci\u00f3n en edad activa en Espa\u00f1a (del 8,1%) se encuentra 6 puntos por debajo de la media de los pa\u00edses de la UE-28 (14,0%), si bien existe mucha dispersi\u00f3n entre pa\u00edses, pues los datos oscilan entre el 23,5% de Austria o el 22,3% de Finlandia, al 5,2% de Irlanda, siendo dicha prevalencia en nuestro pa\u00eds tambi\u00e9n inferior a la de la mayor\u00eda de pa\u00edses europeos (salvo Malta, Grecia e Irlanda).\u003C\/li\u003E\u003Cli\u003EEl cambio de metodolog\u00eda de la fuente de informaci\u00f3n nos permite hacer comparaciones solamente entre los a\u00f1os 2014 y 2024, en dicho periodo, se evidencia un incremento en la tasa de 0,4 puntos (el 7%) lo que parece indicar, por tanto, el aumento de la poblaci\u00f3n con discapacidad en nuestro pa\u00eds en los \u00faltimos a\u00f1os. En el \u00faltimo ejercicio, como hemos se\u00f1alado, la tasa es inferior en 0,1 puntos a la registrado en el a\u00f1o anterior.\u003C\/li\u003E\u003C\/ul\u003E\u003C\/div\u003E\n\n\u003C!-- END CUSTOM TEMPLATE OUTPUT from \u0027themes\/custom\/sub_noahs_theme\/templates\/form\/container.html.twig\u0027 --\u003E\n\n\u003C\/div\u003E\n\n\u003C!-- END CUSTOM TEMPLATE OUTPUT from \u0027themes\/custom\/sub_noahs_theme\/templates\/form\/container.html.twig\u0027 --\u003E\n\n","settings":null,"effect":"fade","speed":"slow"}]