[{"command":"insert","method":"replaceWith","selector":"#indicator-content-ajax","data":"\n\n\u003C!-- THEME DEBUG --\u003E\n\u003C!-- THEME HOOK: \u0027container\u0027 --\u003E\n\u003C!-- \ud83d\udca1 BEGIN CUSTOM TEMPLATE OUTPUT from \u0027themes\/custom\/sub_noahs_theme\/templates\/form\/container.html.twig\u0027 --\u003E\n\u003Cdiv id=\u0022indicator-content-ajax\u0022 class=\u0022daba-bank-full-main  mb-lg-0\u0022\u003E\n\n\u003C!-- THEME DEBUG --\u003E\n\u003C!-- THEME HOOK: \u0027container\u0027 --\u003E\n\u003C!-- \ud83d\udca1 BEGIN CUSTOM TEMPLATE OUTPUT from \u0027themes\/custom\/sub_noahs_theme\/templates\/form\/container.html.twig\u0027 --\u003E\n\u003Cdiv class=\u0022data-bank-indicator-title text-uppercase fs-5 fw-bold pb-2 mb-lg-0\u0022\u003E\u003Cp\u003EPrincipales resultados\u003C\/p\u003E\n\u003C\/div\u003E\n\n\u003C!-- END CUSTOM TEMPLATE OUTPUT from \u0027themes\/custom\/sub_noahs_theme\/templates\/form\/container.html.twig\u0027 --\u003E\n\n\n\n\u003C!-- THEME DEBUG --\u003E\n\u003C!-- THEME HOOK: \u0027container\u0027 --\u003E\n\u003C!-- \ud83d\udca1 BEGIN CUSTOM TEMPLATE OUTPUT from \u0027themes\/custom\/sub_noahs_theme\/templates\/form\/container.html.twig\u0027 --\u003E\n\u003Cdiv class=\u0022o-field-value mb-lg-0\u0022\u003E\u003Cul\u003E\u003Cli\u003ELa tasa de actividad de las personas con discapacidad en Espa\u00f1a para el a\u00f1o 2024\u0026nbsp;fue del 35,4% 43,1 puntos menos que la registrada por las personas sin discapacidad. El efecto de la nueva metodolog\u00eda en los datos desde 2014 en adelante, supuso un notable descenso de la tasa de actividad, consecuencia de la contabilidad agregada de personas con incapacidad reconocida al total de personas con discapacidad, fundamentalmente por el hecho de que m\u00e1s del 82% de las personas con incapacidad con inactivas. Sin embargo, en los a\u00f1os posteriores s\u00ed parece evidenciarse un paulatino incremento en la ratio de activos (un 5,4% desde 2014).\u003C\/li\u003E\u003Cli\u003E\u003Cstrong\u003ELas mujeres muestran una tasa de actividad mayor\u003C\/strong\u003E a la de los varones con discapacidad (1,6 puntos) con un 36,3%. Desde el punto de vista de la\u0026nbsp;edad, las tasas m\u00e1s elevadas de actividad se registran entre las personas de mediana edad (de 25 a 44 a\u00f1os). Las\u0026nbsp;diferencias entre la poblaci\u00f3n con\u0026nbsp;y sin discapacidad se acent\u00faan a media que se incrementa la edad. Los m\u00e1s j\u00f3venes y los m\u00e1s mayores muestran la tasa m\u00e1s baja con 22,7\u0026nbsp;y 32,8\u0026nbsp;respectivamente.\u003C\/li\u003E\u003Cli\u003E\u003Cstrong\u003EEl nivel educativo es sin duda la variable que mayores diferencias marca\u003C\/strong\u003E en cuanto a la actividad laboral de las personas con discapacidad, a mayor nivel de estudios mejores tasas se registran, esto es un hecho evidente observando la tasa de las personas que nos superan los estudios primarios, con una tasa de apenas un 16,5%, y la de aquellas personas con discapacidad que alcanzaron estudios superiores que es del 52,8%. La brecha en relaci\u00f3n con la poblaci\u00f3n sin discapacidad\u0026nbsp;se reduce significativamente a medida que mejora el nivel de estudios.\u003C\/li\u003E\u003Cli\u003EDesde el punto de vista del tipo de discapacidad, las personas con discapacidad sensorial parecen mostrar mayor actividad laboral, las tasas m\u00e1s bajas\u0026nbsp;las encontramos entre las personas con discapacidad psicosocial (29,8%) y discapacidad intelectual (34,5%). La categor\u00eda No consta hace referencia fundamentalmente a personas con incapacidad, evidenci\u00e1ndose entre ellas una muy baja participaci\u00f3n laboral (tasa del 18,2%).\u003C\/li\u003E\u003Cli\u003E\u003Cstrong\u003ENotable tambi\u00e9n es la influencia de las pensiones tanto contributivas como de incapacidad\u003C\/strong\u003E, entre aquellas personas con alguna pensi\u00f3n contributiva la tasa de actividad se desploma hasta el 19,5%, ocurre lo mismo, con las personas con prestaciones derivadas de la incapacidad (20,4%).\u003C\/li\u003E\u003Cli\u003EDesde el punto de vista territorial, podemos comprobar que las tasas de actividad m\u00e1s elevadas al margen de Ceuta y Melilla, las encontramos en Cantabria y Madrid. Por el contrario, Canarias y Asturias se encuentran muy por debajo de la media de actividad. Hay que hacer notar que en las comunidades m\u00e1s peque\u00f1as las muestras son muy reducidas, por lo que hay que tomar los datos con precauci\u00f3n y como orientativos, dado que est\u00e1n sujetos a elevados niveles de error muestral.\u003C\/li\u003E\u003Cli\u003ESi comparamos a nivel internacional (europeo) con los datos recogidos por Eurostat para 2011, se observa que las tasas de actividad m\u00e1s elevadas entre las personas con discapacidad, as\u00ed como las menores diferencias en relaci\u00f3n con la poblaci\u00f3n sin discapacidad, se producen en Islandia, Suiza, Suecia y Finlandia. Espa\u00f1a cuenta con una tasa de actividad de las personas con discapacidad algo superior a la media de la UE-28, as\u00ed como por una brecha elevada entre la tasa de actividad de las personas con discapacidad y sin discapacidad.\u003C\/li\u003E\u003Cli\u003EFinalmente, en relaci\u00f3n con la evoluci\u00f3n de la tasa de actividad, en el \u00faltimo ejercicio se registra un descenso de 0,1 puntos lo que representa un decremento relativo del -0,3% respecto al a\u00f1o anterior y un incremento del 5,4% desde 2014.\u003C\/li\u003E\u003C\/ul\u003E\u003C\/div\u003E\n\n\u003C!-- END CUSTOM TEMPLATE OUTPUT from \u0027themes\/custom\/sub_noahs_theme\/templates\/form\/container.html.twig\u0027 --\u003E\n\n\u003C\/div\u003E\n\n\u003C!-- END CUSTOM TEMPLATE OUTPUT from \u0027themes\/custom\/sub_noahs_theme\/templates\/form\/container.html.twig\u0027 --\u003E\n\n","settings":null,"effect":"fade","speed":"slow"}]