[{"command":"insert","method":"replaceWith","selector":"#indicator-content-ajax","data":"\n\n\u003C!-- THEME DEBUG --\u003E\n\u003C!-- THEME HOOK: \u0027container\u0027 --\u003E\n\u003C!-- \ud83d\udca1 BEGIN CUSTOM TEMPLATE OUTPUT from \u0027themes\/custom\/sub_noahs_theme\/templates\/form\/container.html.twig\u0027 --\u003E\n\u003Cdiv id=\u0022indicator-content-ajax\u0022 class=\u0022daba-bank-full-main  mb-lg-0\u0022\u003E\n\n\u003C!-- THEME DEBUG --\u003E\n\u003C!-- THEME HOOK: \u0027container\u0027 --\u003E\n\u003C!-- \ud83d\udca1 BEGIN CUSTOM TEMPLATE OUTPUT from \u0027themes\/custom\/sub_noahs_theme\/templates\/form\/container.html.twig\u0027 --\u003E\n\u003Cdiv class=\u0022data-bank-indicator-title text-uppercase fs-5 fw-bold pb-2 mb-lg-0\u0022\u003E\u003Cp\u003EPrincipales resultados\u003C\/p\u003E\n\u003C\/div\u003E\n\n\u003C!-- END CUSTOM TEMPLATE OUTPUT from \u0027themes\/custom\/sub_noahs_theme\/templates\/form\/container.html.twig\u0027 --\u003E\n\n\n\n\u003C!-- THEME DEBUG --\u003E\n\u003C!-- THEME HOOK: \u0027container\u0027 --\u003E\n\u003C!-- \ud83d\udca1 BEGIN CUSTOM TEMPLATE OUTPUT from \u0027themes\/custom\/sub_noahs_theme\/templates\/form\/container.html.twig\u0027 --\u003E\n\u003Cdiv class=\u0022o-field-value mb-lg-0\u0022\u003E\u003Cul\u003E\u003Cli\u003EEn 2024\u003Cstrong\u003E, la tasa de empleo de las personas con discapacidad\u003C\/strong\u003E en Espa\u00f1a fue del 28,9%, lo que supone \u003Cstrong\u003E2,4 veces menos que la tasa de personas sin discapacidad\u003C\/strong\u003E que era para ese mismo a\u00f1o alcanz\u00f3 el 69,7%.\u003C\/li\u003E\u003Cli\u003E\u003Cstrong\u003ELas mujeres muestran una tasa de empleo superior\u003C\/strong\u003E (29,8% frente a 28,2% de los hombres), \u00e9ste es un fen\u00f3meno que no se repite entre las personas sin discapacidad, donde las mujeres cuentan con 10,5 puntos menos en su tasa de actividad.\u003C\/li\u003E\u003Cli\u003ELas personas con discapacidad m\u00e1s j\u00f3venes tienen un escas\u00edsimo nivel de empleo, su penetraci\u00f3n entre los ocupados es de tan solo un 11,7%. La situaci\u00f3n de los j\u00f3venes en general en nuestro pa\u00eds es especialmente complicada, aun as\u00ed, entre los j\u00f3venes sin discapacidad la tasa de empleo se incrementa, hasta el 27,7%, en cualquier caso, cifras absolutamente insuficientes.\u003C\/li\u003E\u003Cli\u003EEl nivel de empleo entre las personas con discapacidades de tipo sensorial es el m\u00e1s elevado con un 44,8%\u0026nbsp;\u003Cspan\u003E \u003C\/span\u003Ey significativamente m\u00e1s bajas son las tasas para las personas con discapacidad psicosocial y discapacidad intelectual (22,3% y 23,6%, respectivamente). \u003Cstrong\u003ELa tasa de empleo tambi\u00e9n se reduce a medida que se incrementa el grado de discapacidad\u003C\/strong\u003E, con una diferencia de 38,8\u0026nbsp;puntos entre la tasa de las personas con grado de 33 a 44% y aquellas con grado de 75% o m\u00e1s.\u003C\/li\u003E\u003Cli\u003EPor comunidad aut\u00f3noma con datos de 2019 (\u00faltimos disponibles), las tasas de empleo m\u00e1s elevadas las encontramos en la Comunidad de Madrid (con un 32,3%) Baleares y Valencia (31,9%). \u0026nbsp;En el lado opuesto encontramos Canarias y Andaluc\u00eda con tan solo un 20,2%.\u003C\/li\u003E\u003Cli\u003ESi realizamos una comparativa internacional, con datos de EUROSTAT para 2011, podemos observar que la tasa de empleo en Espa\u00f1a es tres puntos inferiores a la de la media de la UE-28. Las tasas de empleo m\u00e1s bajas se encuentran en Hungr\u00eda, Irlanda, Bulgaria o Rumania, mientras que las m\u00e1s elevadas las encontramos en Suiza, Islandia y Suecia. \u0026nbsp;\u003C\/li\u003E\u003Cli\u003EFinalmente, respecto a la tasa de empleo de las personas con discapacidad durante los \u00faltimos a\u00f1os, hay que recordar que el cambio de metodolog\u00eda en la estad\u00edstica de \u201cEl empleo de las personas con discapacidad\u201d solo permite hacer comparaciones, desde 2014 en adelante, dado que en los a\u00f1os anteriores no se contabilizaban las personas con incapacidad reconocida. La incorporaci\u00f3n de esta poblaci\u00f3n ha supuesto un claro descenso en la tasa de empleo. En cualquier caso, desde 2014 se ha incrementado su tasa en 6,3 puntos.\u0026nbsp;Esta mejor\u00eda no recorta la enorme brecha existente entre las personas con y sin discapacidad en materia de empleo, fundamentalmente porque la tasa de empleo entre la poblaci\u00f3n sin discapacidad ha crecido desde 2014 de manera m\u00e1s intensa (10,8 puntos.), incrementando por tanto la diferencia entre poblaciones\u003C\/li\u003E\u003C\/ul\u003E\u003C\/div\u003E\n\n\u003C!-- END CUSTOM TEMPLATE OUTPUT from \u0027themes\/custom\/sub_noahs_theme\/templates\/form\/container.html.twig\u0027 --\u003E\n\n\u003C\/div\u003E\n\n\u003C!-- END CUSTOM TEMPLATE OUTPUT from \u0027themes\/custom\/sub_noahs_theme\/templates\/form\/container.html.twig\u0027 --\u003E\n\n","settings":null,"effect":"fade","speed":"slow"}]