[{"command":"add_css","data":[{"rel":"stylesheet","media":"all","href":"\/modules\/contrib\/paragraphs\/css\/paragraphs.unpublished.css?tdzxgi"},{"rel":"stylesheet","media":"all","href":"\/themes\/custom\/bootstrap_barrio\/css\/components\/node.css?tdzxgi"}]},{"command":"insert","method":"replaceWith","selector":"#indicator-content-ajax","data":"\n\n\u003C!-- THEME DEBUG --\u003E\n\u003C!-- THEME HOOK: \u0027container\u0027 --\u003E\n\u003C!-- \ud83d\udca1 BEGIN CUSTOM TEMPLATE OUTPUT from \u0027themes\/custom\/sub_noahs_theme\/templates\/form\/container.html.twig\u0027 --\u003E\n\u003Cdiv id=\u0022indicator-content-ajax\u0022 class=\u0022daba-bank-full-main  mb-lg-0\u0022\u003E\n\n\u003C!-- THEME DEBUG --\u003E\n\u003C!-- THEME HOOK: \u0027container\u0027 --\u003E\n\u003C!-- \ud83d\udca1 BEGIN CUSTOM TEMPLATE OUTPUT from \u0027themes\/custom\/sub_noahs_theme\/templates\/form\/container.html.twig\u0027 --\u003E\n\u003Cdiv class=\u0022data-bank-indicator-title text-uppercase fs-5 fw-bold pb-2 mb-lg-0\u0022\u003E\u003Cp\u003EComparativa internacional\u003C\/p\u003E\n\u003C\/div\u003E\n\n\u003C!-- END CUSTOM TEMPLATE OUTPUT from \u0027themes\/custom\/sub_noahs_theme\/templates\/form\/container.html.twig\u0027 --\u003E\n\n\n\n\u003C!-- THEME DEBUG --\u003E\n\u003C!-- THEME HOOK: \u0027container\u0027 --\u003E\n\u003C!-- \ud83d\udca1 BEGIN CUSTOM TEMPLATE OUTPUT from \u0027themes\/custom\/sub_noahs_theme\/templates\/form\/container.html.twig\u0027 --\u003E\n\u003Cdiv class=\u0022o-field-value mb-lg-0\u0022\u003E\n\n\u003C!-- THEME DEBUG --\u003E\n\u003C!-- THEME HOOK: \u0027node\u0027 --\u003E\n\u003C!-- FILE NAME SUGGESTIONS:\n   \u25aa\ufe0f node--945--teaser.html.twig\n   \u25aa\ufe0f node--945.html.twig\n   \u25aa\ufe0f node--data-sample--teaser.html.twig\n   \u2705 node--data-sample.html.twig\n   \u25aa\ufe0f node--teaser.html.twig\n   \u25aa\ufe0f node.html.twig\n--\u003E\n\u003C!-- \ud83d\udca1 BEGIN CUSTOM TEMPLATE OUTPUT from \u0027themes\/custom\/sub_noahs_theme\/templates\/content\/node--data-sample.html.twig\u0027 --\u003E\n\n\n\u003Carticle class=\u0022node node--type-data-sample node--view-mode-teaser clearfix\u0022\u003E\n    \u003Cdiv class=\u0022node__content clearfix m-0\u0022\u003E\n        \n\n\u003C!-- THEME DEBUG --\u003E\n\u003C!-- THEME HOOK: \u0027container\u0027 --\u003E\n\u003C!-- \ud83d\udca1 BEGIN CUSTOM TEMPLATE OUTPUT from \u0027themes\/custom\/sub_noahs_theme\/templates\/form\/container.html.twig\u0027 --\u003E\n\u003Cdiv class=\u0022field field--name-field-title field--type-string field--label-hidden field__item teaser-title text-primary pb-3 mb-lg-0\u0022\u003E\u003Ca href=\u0022\/datos\/tasa-de-paro-de-la-poblacion-con-discapacidad-y-ratio-con-la-poblacion-sin-discapacidad-en-0\u0022\u003ETasa de paro de la poblaci\u00f3n con discapacidad y ratio con la poblaci\u00f3n sin discapacidad en pa\u00edses de la Uni\u00f3n Europea. 2011\u003C\/a\u003E\u003C\/div\u003E\n\n\u003C!-- END CUSTOM TEMPLATE OUTPUT from \u0027themes\/custom\/sub_noahs_theme\/templates\/form\/container.html.twig\u0027 --\u003E\n\n\n\n\u003C!-- THEME DEBUG --\u003E\n\u003C!-- THEME HOOK: \u0027field\u0027 --\u003E\n\u003C!-- FILE NAME SUGGESTIONS:\n   \u25aa\ufe0f field--node--field-source-data--data-sample.html.twig\n   \u25aa\ufe0f field--node--field-source-data.html.twig\n   \u25aa\ufe0f field--node--data-sample.html.twig\n   \u25aa\ufe0f field--field-source-data.html.twig\n   \u25aa\ufe0f field--entity-reference-revisions.html.twig\n   \u2705 field.html.twig\n--\u003E\n\u003C!-- BEGIN OUTPUT from \u0027themes\/contrib\/noahs_builder_theme\/templates\/field\/field.html.twig\u0027 --\u003E\n\n            \u003Cdiv class=\u0022field field-field-source-data field-type-entity-reference-revisions field-label-hidden field-item\u0022\u003E\n\n\u003C!-- THEME DEBUG --\u003E\n\u003C!-- THEME HOOK: \u0027paragraph\u0027 --\u003E\n\u003C!-- FILE NAME SUGGESTIONS:\n   \u25aa\ufe0f paragraph--1908.html.twig\n   \u25aa\ufe0f paragraph--html--default.html.twig\n   \u25aa\ufe0f paragraph--html.html.twig\n   \u2705 paragraph--default.html.twig\n   \u25aa\ufe0f paragraph.html.twig\n--\u003E\n\u003C!-- \ud83d\udca1 BEGIN CUSTOM TEMPLATE OUTPUT from \u0027themes\/custom\/sub_noahs_theme\/templates\/paragraph\/paragraph--default.html.twig\u0027 --\u003E\n\n  \u003Cdiv class=\u0022paragraph paragraph--type--html paragraph--view-mode--default\u0022\u003E\n      \u003Cdiv class=\u0022container-fluid p-0\u0022\u003E\n          \n\n\u003C!-- THEME DEBUG --\u003E\n\u003C!-- THEME HOOK: \u0027field\u0027 --\u003E\n\u003C!-- FILE NAME SUGGESTIONS:\n   \u25aa\ufe0f field--paragraph--field-description--html.html.twig\n   \u25aa\ufe0f field--paragraph--field-description.html.twig\n   \u25aa\ufe0f field--paragraph--html.html.twig\n   \u25aa\ufe0f field--field-description.html.twig\n   \u25aa\ufe0f field--text-long.html.twig\n   \u2705 field.html.twig\n--\u003E\n\u003C!-- BEGIN OUTPUT from \u0027themes\/contrib\/noahs_builder_theme\/templates\/field\/field.html.twig\u0027 --\u003E\n\n            \u003Cdiv class=\u0022field field-field-description field-type-text-long field-label-hidden field-item\u0022\u003E\u003Cdiv class=\u0027tableauPlaceholder\u0027 id=\u0027viz1556188734994\u0027 style=\u0027position: relative\u0027\u003E\u003Cnoscript\u003E\u003Ca href=\u0027\u0027\u003E\u003Cimg alt=\u0027 \u0027 src=\u0027https:\u0026#47;\u0026#47;public.tableau.com\u0026#47;static\u0026#47;images\u0026#47;1_\u0026#47;1_05_Comparativainternacional\u0026#47;COMPARATIVAEUROPEA\u0026#47;1_rss.png\u0027 style=\u0027border: none\u0027 \/\u003E\u003C\/a\u003E\u003C\/noscript\u003E\u003Cobject class=\u0027tableauViz\u0027  style=\u0027display:none;\u0027\u003E\u003Cparam name=\u0027host_url\u0027 value=\u0027https%3A%2F%2Fpublic.tableau.com%2F\u0027 \/\u003E \u003Cparam name=\u0027embed_code_version\u0027 value=\u00273\u0027 \/\u003E \u003Cparam name=\u0027site_root\u0027 value=\u0027\u0027 \/\u003E\u003Cparam name=\u0027name\u0027 value=\u00271_05_Comparativainternacional\u0026#47;COMPARATIVAEUROPEA\u0027 \/\u003E\u003Cparam name=\u0027tabs\u0027 value=\u0027no\u0027 \/\u003E\u003Cparam name=\u0027toolbar\u0027 value=\u0027yes\u0027 \/\u003E\u003Cparam name=\u0027static_image\u0027 value=\u0027https:\u0026#47;\u0026#47;public.tableau.com\u0026#47;static\u0026#47;images\u0026#47;1_\u0026#47;1_05_Comparativainternacional\u0026#47;COMPARATIVAEUROPEA\u0026#47;1.png\u0027 \/\u003E \u003Cparam name=\u0027animate_transition\u0027 value=\u0027yes\u0027 \/\u003E\u003Cparam name=\u0027display_static_image\u0027 value=\u0027yes\u0027 \/\u003E\u003Cparam name=\u0027display_spinner\u0027 value=\u0027yes\u0027 \/\u003E\u003Cparam name=\u0027display_overlay\u0027 value=\u0027yes\u0027 \/\u003E\u003Cparam name=\u0027display_count\u0027 value=\u0027yes\u0027 \/\u003E\u003Cparam name=\u0027filter\u0027 value=\u0027publish=yes\u0027 \/\u003E\u003C\/object\u003E\u003C\/div\u003E                \u003Cscript type=\u0027text\/javascript\u0027\u003E                    var divElement = document.getElementById(\u0027viz1556188734994\u0027);                    var vizElement = divElement.getElementsByTagName(\u0027object\u0027)[0];                    vizElement.style.width=\u0027100%\u0027;vizElement.style.height=(divElement.offsetWidth*0.75)+\u0027px\u0027;                    var scriptElement = document.createElement(\u0027script\u0027);                    scriptElement.src = \u0027https:\/\/public.tableau.com\/javascripts\/api\/viz_v1.js\u0027;                    vizElement.parentNode.insertBefore(scriptElement, vizElement);                \u003C\/script\u003E\n\n\u003C\/h5\u003E\u003Cp\u003E\u003Cspan style=\u0022font-size: 14px;\u0022\u003EEste mapa muestra la tasa de paro de la poblaci\u0026oacute;n con discapacidad en pa\u0026iacute;ses de la Uni\u0026oacute;n Europea en 2011. En el eje vertical se muestra la tasa de paro de la poblaci\u0026oacute;n con discapacidad y en el eje horizontal est\u0026aacute;n dispuestos los pa\u0026iacute;ses de la Uni\u0026oacute;n Europea. Los datos que se muestran en el gr\u0026aacute;fico, ordenados de mayor a menor, son los siguientes. Tasa de paro de la poblaci\u0026oacute;n en edad activa con discapacidad: Lituania, 23,6; Espa\u0026ntilde;a, 23,3; Hungr\u0026iacute;a, 19,4; Eslovaquia, 19,0; Estonia, 18,4; Irlanda, 17,9; Letonia, 17,5; Croacia, 16,3; Rep\u0026uacute;blica Checa, 15,7; Grecia, 14,6; Portugal, 14,4; Bulgaria, 14,3; Francia, 12,3; Alemania, 12,2; Polonia, 11,5; Dinamarca, 10,8; Reino Unido, 10,6; Chipre, 10,2; B\u0026eacute;lgica, 10,1; Eslovenia, 9,9; Islandia, 9,8; Suecia, 9,6; Finlandia, 9,1; Pa\u0026iacute;ses Bajos, 8,6; Italia, 8,1; Rumania, 8,1; Turqu\u0026iacute;a, 7,5; Suiza, 6,1; Austria, 6,0; Luxemburgo, 4,9; media de la UE-28, 12,1.\u0026nbsp;\u003C\/span\u003E\u003C\/p\u003E\u003C\/div\u003E\n      \n\u003C!-- END OUTPUT from \u0027themes\/contrib\/noahs_builder_theme\/templates\/field\/field.html.twig\u0027 --\u003E\n\n\n          \u003C\/div\u003E\n  \u003C\/div\u003E\n\n\u003C!-- END CUSTOM TEMPLATE OUTPUT from \u0027themes\/custom\/sub_noahs_theme\/templates\/paragraph\/paragraph--default.html.twig\u0027 --\u003E\n\n\u003C\/div\u003E\n      \n\u003C!-- END OUTPUT from \u0027themes\/contrib\/noahs_builder_theme\/templates\/field\/field.html.twig\u0027 --\u003E\n\n\n\n\u003C!-- THEME DEBUG --\u003E\n\u003C!-- THEME HOOK: \u0027pseudo_field\u0027 --\u003E\n\u003C!-- \ud83d\udca1 BEGIN CUSTOM TEMPLATE OUTPUT from \u0027themes\/custom\/sub_noahs_theme\/templates\/field\/pseudo-field.html.twig\u0027 --\u003E\n\n\u003Cdiv class=\u0022field field-pseudo-social-sharing pt-3\u0022\u003E\n  \u003Cdiv class=\u0022pt-3 border-top border-primary\u0022\u003E\n\n\u003C!-- THEME DEBUG --\u003E\n\u003C!-- THEME HOOK: \u0027item_list\u0027 --\u003E\n\u003C!-- BEGIN OUTPUT from \u0027core\/modules\/system\/templates\/item-list.html.twig\u0027 --\u003E\n\u003Ch3\u003ECompartir:\u003C\/h3\u003E\u003Cul class=\u0022share-container__items d-flex gap-3 flex-column flex-sm-row\u0022\u003E\u003Cli class=\u0022share-container__item border-0 rounded-0 p-0 col-12 col-sm-auto share-container__item-facebook\u0022\u003E\u003Ca href=\u0022https:\/\/www.facebook.com\/sharer\/sharer.php?u=https%3A\/\/odismet.org\/datos\/tasa-de-paro-de-la-poblacion-con-discapacidad-y-ratio-con-la-poblacion-sin-discapacidad-en-0\u0022 class=\u0022text-white share-link px-3 py-2 lh-sm\u0022 target=\u0022_blank\u0022\u003EFacebook\u003C\/a\u003E\u003C\/li\u003E\u003Cli class=\u0022share-container__item border-0 rounded-0 p-0 col-12 col-sm-auto share-container__item-twitter\u0022\u003E\u003Ca href=\u0022https:\/\/twitter.com\/intent\/tweet?text=Tasa%20de%20paro%20de%20la%20poblaci%C3%B3n%20con%20discapacidad%20y%20ratio%20con%20la%20poblaci%C3%B3n%20sin%20discapacidad%20en%20pa%C3%ADses%20de%20la%20Uni%C3%B3n%20Europea.%202011\u0026amp;url=https%3A\/\/odismet.org\/datos\/tasa-de-paro-de-la-poblacion-con-discapacidad-y-ratio-con-la-poblacion-sin-discapacidad-en-0\u0022 class=\u0022text-white share-link px-3 py-2 lh-sm\u0022 target=\u0022_blank\u0022\u003ETwitter\u003C\/a\u003E\u003C\/li\u003E\u003Cli class=\u0022share-container__item border-0 rounded-0 p-0 col-12 col-sm-auto share-container__item-linkedin\u0022\u003E\u003Ca href=\u0022https:\/\/www.linkedin.com\/shareArticle?mini=true\u0026amp;url=https%3A\/\/odismet.org\/datos\/tasa-de-paro-de-la-poblacion-con-discapacidad-y-ratio-con-la-poblacion-sin-discapacidad-en-0\u0026amp;title=Tasa%20de%20paro%20de%20la%20poblaci%C3%B3n%20con%20discapacidad%20y%20ratio%20con%20la%20poblaci%C3%B3n%20sin%20discapacidad%20en%20pa%C3%ADses%20de%20la%20Uni%C3%B3n%20Europea.%202011\u0022 class=\u0022text-white share-link px-3 py-2 lh-sm\u0022 target=\u0022_blank\u0022\u003ELinkedin\u003C\/a\u003E\u003C\/li\u003E\u003C\/ul\u003E\n\u003C!-- END OUTPUT from \u0027core\/modules\/system\/templates\/item-list.html.twig\u0027 --\u003E\n\n\n\u003C\/div\u003E\n\n\u003C!-- END CUSTOM TEMPLATE OUTPUT from \u0027themes\/custom\/sub_noahs_theme\/templates\/field\/pseudo-field.html.twig\u0027 --\u003E\n\n\n    \u003C\/div\u003E\n\u003C\/article\u003E\n\n\n\u003C!-- END CUSTOM TEMPLATE OUTPUT from \u0027themes\/custom\/sub_noahs_theme\/templates\/content\/node--data-sample.html.twig\u0027 --\u003E\n\n\u003C\/div\u003E\n\n\u003C!-- END CUSTOM TEMPLATE OUTPUT from \u0027themes\/custom\/sub_noahs_theme\/templates\/form\/container.html.twig\u0027 --\u003E\n\n\u003C\/div\u003E\n\n\u003C!-- END CUSTOM TEMPLATE OUTPUT from \u0027themes\/custom\/sub_noahs_theme\/templates\/form\/container.html.twig\u0027 --\u003E\n\n","settings":null,"effect":"fade","speed":"slow"}]