[{"command":"insert","method":"replaceWith","selector":"#indicator-content-ajax","data":"\n\n\u003C!-- THEME DEBUG --\u003E\n\u003C!-- THEME HOOK: \u0027container\u0027 --\u003E\n\u003C!-- \ud83d\udca1 BEGIN CUSTOM TEMPLATE OUTPUT from \u0027themes\/custom\/sub_noahs_theme\/templates\/form\/container.html.twig\u0027 --\u003E\n\u003Cdiv id=\u0022indicator-content-ajax\u0022 class=\u0022daba-bank-full-main  mb-lg-0\u0022\u003E\n\n\u003C!-- THEME DEBUG --\u003E\n\u003C!-- THEME HOOK: \u0027container\u0027 --\u003E\n\u003C!-- \ud83d\udca1 BEGIN CUSTOM TEMPLATE OUTPUT from \u0027themes\/custom\/sub_noahs_theme\/templates\/form\/container.html.twig\u0027 --\u003E\n\u003Cdiv class=\u0022data-bank-indicator-title text-uppercase fs-5 fw-bold pb-2 mb-lg-0\u0022\u003E\u003Cp\u003EPrincipales resultados\u003C\/p\u003E\n\u003C\/div\u003E\n\n\u003C!-- END CUSTOM TEMPLATE OUTPUT from \u0027themes\/custom\/sub_noahs_theme\/templates\/form\/container.html.twig\u0027 --\u003E\n\n\n\n\u003C!-- THEME DEBUG --\u003E\n\u003C!-- THEME HOOK: \u0027container\u0027 --\u003E\n\u003C!-- \ud83d\udca1 BEGIN CUSTOM TEMPLATE OUTPUT from \u0027themes\/custom\/sub_noahs_theme\/templates\/form\/container.html.twig\u0027 --\u003E\n\u003Cdiv class=\u0022o-field-value mb-lg-0\u0022\u003E\u003Cul\u003E\u003Cli\u003EEn 2024, el 18,5% de la poblaci\u00f3n activa con discapacidad se encontraba en situaci\u00f3n de desempleo. La diferencia con la poblaci\u00f3n sin discapacidad era de 7,3\u0026nbsp;puntos m\u00e1s de paro. La tasa para el caso de las mujeres es del 17,9% 1,1 puntos por encima de la de los varones.\u003C\/li\u003E\u003Cli\u003EEl desempleo en personas con discapacidad de 16 a 24 a\u00f1os es el m\u00e1s alto con un 48,6%, la brecha respecto a los j\u00f3venes sin discapacidad es de m\u00e1s de 23 puntos, a pesar\u0026nbsp;de que\u0026nbsp;el paro de los j\u00f3venes sin discapacidad en tambi\u00e9n significativamente alto (26,1%). A medida que aumenta la edad, la\u0026nbsp;tasa\u0026nbsp;(si bien siguen siendo elevada) se reducen. Tambi\u00e9n el paro es menor en los entornos urbanos en comparaci\u00f3n con las zonas rurales e intermedias.\u003C\/li\u003E\u003Cli\u003EHay diferencias significativas a nivel de comunidad con los datos de 2018 (\u00faltimo disponibles) vemos que toda la franja norte del pa\u00eds muestra niveles de paro inferiores sobre todo en Asturias y Arag\u00f3n, la zona sur acumula\u0026nbsp;los niveles m\u00e1s altos de paro entre las personas con discapacidad, significativo es el dato de Extremadura y Andaluc\u00eda.\u003C\/li\u003E\u003Cli\u003ECon datos de Eurostat para el a\u00f1o 2011, podemos comprobar que la tasa de paro de la poblaci\u00f3n con discapacidad en Espa\u00f1a es de las m\u00e1s elevadas de la Uni\u00f3n Europea, s\u00f3lo superada por Lituania, situ\u00e1ndose 11,2 puntos por encima de la media de pa\u00edses de la UE-28. Las tasas de paro m\u00e1s bajas son las de Luxemburgo (4,9), Austria (6,0) y Suiza (6,1) Sin embargo, los pa\u00edses en los que hay mayor diferencia en las tasas de paro entre la poblaci\u00f3n con discapacidad y el resto son Rep\u00fablica Checa, Pa\u00edses Bajos, Alemania o Hungr\u00eda (del doble que en el resto de la poblaci\u00f3n).\u003C\/li\u003E\u003Cli\u003EComo ocurre en distintos indicadores, el cambio de metodolog\u00eda efectuado en \u201cEl empleo de las personas con discapacidad\u201d dificulta la posibilidad de hacer comparaciones a lo largo de la serie completa. Si es posible comprobar las \u00faltimas variaciones 2014-2024, en este sentido, observamos que la tasa de paro en el \u00faltimo a\u00f1o desciende en 1,2 puntos. La brecha de paro o distancia respecto a la poblaci\u00f3n sin discapacidad, ha pasado de 8,4 puntos\u0026nbsp;\u003Cspan\u003E \u003C\/span\u003Een 2014 a 7,3\u0026nbsp;en 2024, por lo que las diferencias entre poblaciones pr\u00e1cticamente se mantienen en los \u00faltimos 10 a\u00f1os.\u003C\/li\u003E\u003C\/ul\u003E\u003C\/div\u003E\n\n\u003C!-- END CUSTOM TEMPLATE OUTPUT from \u0027themes\/custom\/sub_noahs_theme\/templates\/form\/container.html.twig\u0027 --\u003E\n\n\u003C\/div\u003E\n\n\u003C!-- END CUSTOM TEMPLATE OUTPUT from \u0027themes\/custom\/sub_noahs_theme\/templates\/form\/container.html.twig\u0027 --\u003E\n\n","settings":null,"effect":"fade","speed":"slow"}]