[{"command":"insert","method":"replaceWith","selector":"#indicator-content-ajax","data":"\n\n\u003C!-- THEME DEBUG --\u003E\n\u003C!-- THEME HOOK: \u0027container\u0027 --\u003E\n\u003C!-- \ud83d\udca1 BEGIN CUSTOM TEMPLATE OUTPUT from \u0027themes\/custom\/sub_noahs_theme\/templates\/form\/container.html.twig\u0027 --\u003E\n\u003Cdiv id=\u0022indicator-content-ajax\u0022 class=\u0022daba-bank-full-main  mb-lg-0\u0022\u003E\n\n\u003C!-- THEME DEBUG --\u003E\n\u003C!-- THEME HOOK: \u0027container\u0027 --\u003E\n\u003C!-- \ud83d\udca1 BEGIN CUSTOM TEMPLATE OUTPUT from \u0027themes\/custom\/sub_noahs_theme\/templates\/form\/container.html.twig\u0027 --\u003E\n\u003Cdiv class=\u0022data-bank-indicator-title text-uppercase fs-5 fw-bold pb-2 mb-lg-0\u0022\u003E\u003Cp\u003EPrincipales resultados\u003C\/p\u003E\n\u003C\/div\u003E\n\n\u003C!-- END CUSTOM TEMPLATE OUTPUT from \u0027themes\/custom\/sub_noahs_theme\/templates\/form\/container.html.twig\u0027 --\u003E\n\n\n\n\u003C!-- THEME DEBUG --\u003E\n\u003C!-- THEME HOOK: \u0027container\u0027 --\u003E\n\u003C!-- \ud83d\udca1 BEGIN CUSTOM TEMPLATE OUTPUT from \u0027themes\/custom\/sub_noahs_theme\/templates\/form\/container.html.twig\u0027 --\u003E\n\u003Cdiv class=\u0022o-field-value mb-lg-0\u0022\u003E\u003Cul\u003E\r\n\t\u003Cli\u003EEste indicador mide el n\u00famero de demandantes con discapacidad en situaci\u00f3n de desempleo, o lo que es lo mismo, se corresponde con el dato de paro registrado, que como es sabido difiere del paro estimado mediante la EPA, sin embargo, es un indicador de notable importancia.\u003C\/li\u003E\r\n\t\u003Cli\u003EEn 2021, el n\u00famero de personas con discapacidad en situaci\u00f3n de desempleo era de 144.931, lo que supone un descenso de un 12,5% con respecto al ejercicio anterior. Las personas con discapacidad en paro suman el 4,7% del total de parados en nuestro pa\u00eds, esto significa que en la \u00faltima d\u00e9cada la representatividad del colectivo entre los parados no ha dejado de crecer.\u003C\/li\u003E\r\n\t\u003Cli\u003EEl 61,4% de las personas con discapacidad en paro se encuentran por encima de los 45 a\u00f1os, esta situaci\u00f3n no se da con tanta intensidad entre la poblaci\u00f3n general.\u003C\/li\u003E\r\n\t\u003Cli\u003EEl 67,5% tiene una discapacidad f\u00edsica y un 42% no supera los estudios primarios, evidenci\u00e1ndose una vez m\u00e1s la influencia de la formaci\u00f3n en el acceso al empleo, hasta un 11,4% est\u00e1 buscando su primer empleo, siendo tambi\u00e9n este dato superior al de la poblaci\u00f3n general (8,2%).\u003C\/li\u003E\r\n\t\u003Cli\u003EUn aspecto preocupante que hay que hacer notar es el peso espec\u00edfico de los\u0026nbsp;parados de larga duraci\u00f3n,\u0026nbsp;cuesti\u00f3n que podr\u00e1 estudiarse en detalle en el indicador \u003Ca href=\u0022https:\/\/www.odismet.es\/indicador-basico\/107poblacion-con-discapacidad-parada-de-larga-duracion-demandante-de-empleo\u0022 target=\u0022_blank\u0022\u003E1.07\u003C\/a\u003E..\u0026nbsp;Representan el 64,1% del total de desempleados con discapacidad, es m\u00e1s, aquellos que superan los 2 a\u00f1os en paro suman el 50,1%.\u003C\/li\u003E\r\n\t\u003Cli\u003EEl 21,4% de las personas con discapacidad demandantes de empleo en situaci\u00f3n de paro reside en Andaluc\u00eda, el 14,9% en Catalu\u00f1a y el 10,8% en la Comunidad\u0026nbsp;Valenciana. En relaci\u00f3n con la poblaci\u00f3n activa de cada comunidad aut\u00f3noma, la tasa m\u00e1s alta la encontramos en Canarias y en Andaluc\u00eda.\u003C\/li\u003E\r\n\t\u003Cli\u003EEl n\u00famero de parados no ha dejado de crecer desde el a\u00f1o 2007 salvo un peque\u00f1o receso en 2017, encadenando\u0026nbsp;dos periodos de descenso, aunque de poca intensidad, para experimentar un nuevo incremento en 2019.\u0026nbsp;El aumento del n\u00famero de parado tambi\u00e9n tiene que ver\u0026nbsp;con el incremento de la tasa de actividad de las personas del colectivo, obviamente no se est\u00e1 asimilando con \u00e9xito dicho incremento, a tenor de los datos se\u00f1alados sobre el parados y parados de larga duraci\u00f3n. El fuerte incremento experimentado el pasado a\u00f1o viene de la mando de los efectos producidos por la irrupci\u00f3n de la COVID-19. En 2021 el n\u00famero de parados experimenta el se\u00f1alado descenso del 12,5% consecuencia de la recuperaci\u00f3n en el ritmo de contrataci\u00f3n.\u003C\/li\u003E\r\n\u003C\/ul\u003E\r\n\r\n\u003Cp\u003E\u0026nbsp;\u003C\/p\u003E\r\n\u003C\/div\u003E\n\n\u003C!-- END CUSTOM TEMPLATE OUTPUT from \u0027themes\/custom\/sub_noahs_theme\/templates\/form\/container.html.twig\u0027 --\u003E\n\n\u003C\/div\u003E\n\n\u003C!-- END CUSTOM TEMPLATE OUTPUT from \u0027themes\/custom\/sub_noahs_theme\/templates\/form\/container.html.twig\u0027 --\u003E\n\n","settings":null,"effect":"fade","speed":"slow"}]