[{"command":"insert","method":"replaceWith","selector":"#indicator-content-ajax","data":"\n\n\u003C!-- THEME DEBUG --\u003E\n\u003C!-- THEME HOOK: \u0027container\u0027 --\u003E\n\u003C!-- \ud83d\udca1 BEGIN CUSTOM TEMPLATE OUTPUT from \u0027themes\/custom\/sub_noahs_theme\/templates\/form\/container.html.twig\u0027 --\u003E\n\u003Cdiv id=\u0022indicator-content-ajax\u0022 class=\u0022daba-bank-full-main  mb-lg-0\u0022\u003E\n\n\u003C!-- THEME DEBUG --\u003E\n\u003C!-- THEME HOOK: \u0027container\u0027 --\u003E\n\u003C!-- \ud83d\udca1 BEGIN CUSTOM TEMPLATE OUTPUT from \u0027themes\/custom\/sub_noahs_theme\/templates\/form\/container.html.twig\u0027 --\u003E\n\u003Cdiv class=\u0022data-bank-indicator-title text-uppercase fs-5 fw-bold pb-2 mb-lg-0\u0022\u003E\u003Cp\u003EDefinici\u00f3n y fuentes\u003C\/p\u003E\n\u003C\/div\u003E\n\n\u003C!-- END CUSTOM TEMPLATE OUTPUT from \u0027themes\/custom\/sub_noahs_theme\/templates\/form\/container.html.twig\u0027 --\u003E\n\n\n\n\u003C!-- THEME DEBUG --\u003E\n\u003C!-- THEME HOOK: \u0027container\u0027 --\u003E\n\u003C!-- \ud83d\udca1 BEGIN CUSTOM TEMPLATE OUTPUT from \u0027themes\/custom\/sub_noahs_theme\/templates\/form\/container.html.twig\u0027 --\u003E\n\u003Cdiv class=\u0022o-field-value mb-lg-0\u0022\u003E\u003Cp\u003EEste indicador analiza a la poblaci\u00f3n con discapacidad parada de larga duraci\u00f3n, entendido como las demandas registradas en los Servicios P\u00fablicos de Empleo que cuentan con una antig\u00fcedad superior a 365 d\u00edas y \u0026nbsp;que se encuentran en alta el \u00faltimo d\u00eda laborable del mes de referencia, excluyendo las situaciones que detalla la O.M. de 11 de marzo de 1985 (BOE 14-03-1985). Para el c\u00e1lculo del paro registrado se parte del total de los demandantes de empleo y se excluyen los colectivos relacionados en la O.M. de 11 de marzo de 1985 (B.O.E. 14\/03\/1985).\u003C\/p\u003E\r\n\r\n\u003Cp\u003ELas personas con discapacidad est\u00e1n definidas en este caso como aquellas que presentan deficiencias f\u00edsicas, mentales, intelectuales o sensoriales, previsiblemente permanentes que, al interactuar con diversas barreras, pueda impedir su participaci\u00f3n plena y efectiva en la sociedad, en igualdad de condiciones con los dem\u00e1s. A todos los efectos, tendr\u00e1n esta consideraci\u00f3n aquellas personas a quienes se les haya reconocido un grado de las limitaciones en la actividad, expresadas en porcentaje, igual o superior al 33 por ciento.\u0026nbsp;\u003C\/p\u003E\r\n\r\n\u003Cp\u003ELa fuente utilizada es el \u003Ca href=\u0022http:\/\/www.sepe.es\/indiceObservatorio\/buscar.do?indice=1\u0026amp;tipo=2\u0026amp;periodo=anual\u0026amp;ambito=Nacional\u0026amp;tema=03\u0026amp;idioma=es\u0022\u003EInforme Anual del Mercado de Trabajo de las Personas con Discapacidad\u003C\/a\u003E, del Servicio P\u00fablico de Empleo Estatal (SEPE). Los datos del Servicio P\u00fablico de Empleo Estatal est\u00e1n tomados a 31 de diciembre de 2018.\u003C\/p\u003E\r\n\u003C\/div\u003E\n\n\u003C!-- END CUSTOM TEMPLATE OUTPUT from \u0027themes\/custom\/sub_noahs_theme\/templates\/form\/container.html.twig\u0027 --\u003E\n\n\u003C\/div\u003E\n\n\u003C!-- END CUSTOM TEMPLATE OUTPUT from \u0027themes\/custom\/sub_noahs_theme\/templates\/form\/container.html.twig\u0027 --\u003E\n\n","settings":null,"effect":"fade","speed":"slow"}]