[{"command":"insert","method":"replaceWith","selector":"#indicator-content-ajax","data":"\n\n\u003C!-- THEME DEBUG --\u003E\n\u003C!-- THEME HOOK: \u0027container\u0027 --\u003E\n\u003C!-- \ud83d\udca1 BEGIN CUSTOM TEMPLATE OUTPUT from \u0027themes\/custom\/sub_noahs_theme\/templates\/form\/container.html.twig\u0027 --\u003E\n\u003Cdiv id=\u0022indicator-content-ajax\u0022 class=\u0022daba-bank-full-main  mb-lg-0\u0022\u003E\n\n\u003C!-- THEME DEBUG --\u003E\n\u003C!-- THEME HOOK: \u0027container\u0027 --\u003E\n\u003C!-- \ud83d\udca1 BEGIN CUSTOM TEMPLATE OUTPUT from \u0027themes\/custom\/sub_noahs_theme\/templates\/form\/container.html.twig\u0027 --\u003E\n\u003Cdiv class=\u0022data-bank-indicator-title text-uppercase fs-5 fw-bold pb-2 mb-lg-0\u0022\u003E\u003Cp\u003EPrincipales resultados\u003C\/p\u003E\n\u003C\/div\u003E\n\n\u003C!-- END CUSTOM TEMPLATE OUTPUT from \u0027themes\/custom\/sub_noahs_theme\/templates\/form\/container.html.twig\u0027 --\u003E\n\n\n\n\u003C!-- THEME DEBUG --\u003E\n\u003C!-- THEME HOOK: \u0027container\u0027 --\u003E\n\u003C!-- \ud83d\udca1 BEGIN CUSTOM TEMPLATE OUTPUT from \u0027themes\/custom\/sub_noahs_theme\/templates\/form\/container.html.twig\u0027 --\u003E\n\u003Cdiv class=\u0022o-field-value mb-lg-0\u0022\u003E\u003Cul\u003E\u003Cli\u003EEn 2023\u0026nbsp;se realizaron un total de 105.262\u0026nbsp;contrataciones espec\u00edficas a personas con discapacidad, que suponen una tasa del 15,4% en relaci\u00f3n con el total de la poblaci\u00f3n activa con discapacidad. Los Centros especiales de empleo (CEEs) sumaron 74.856\u0026nbsp;contrataciones, lo que equivale al 10,9% de la poblaci\u00f3n activa y \u003Cstrong\u003Eel 71,1% de todos los contratos espec\u00edficos realizados durante el a\u00f1o a las personas con discapacidad\u003C\/strong\u003E. Hay que se\u00f1alar que los contratos espec\u00edficos a personas con discapacidad no representan el total de la contrataci\u00f3n del colectivo (este dato se puede comprobar en el indicador\u0026nbsp;1.08) suponen entorno al 30% en funci\u00f3n del a\u00f1o de an\u00e1lisis (para 2023 es un 38%), sin embargo, son un indicador claro de la importancia que representa para las personas con discapacidad, la protecci\u00f3n contractual en el empleo.\u003C\/li\u003E\u003Cli\u003EPara el \u00faltimo ejercicio\u0026nbsp;el n\u00famero de contratos espec\u00edficos a las personas con discapacidad ha disminuido en un 14,8%, rompiendo la recuperaci\u00f3n lograda tras el desplome producido por efecto de la pandemia. Los contratos espec\u00edficos en empresa ordinaria descienden un 15,1% respecto al a\u00f1o anterior y los empleos creados en Centros Especiales de Empleo reducen un 14,7%.\u003C\/li\u003E\u003Cli\u003ELa\u0026nbsp;temporalidad en el empleo muestra niveles elevados. Los contratos espec\u00edficos a personas con discapacidad de car\u00e1cter temporal representan el 65,2% y hasta el 78,1% entre los contratos en CEEs, si bien en cierto que el empleo indefinido ha crecido enormemente desde el a\u00f1o 2021, situ\u00e1ndose ya en el 35%.\u003C\/li\u003E\u003Cli\u003EUna cuarta parte de los contratos realizados a personas con discapacidad se concentran en la modalidad de Eventuales por circunstancias de la producci\u00f3n (un 39,2% para CEEs), le sigue en importancia los contratos Temporales para personas con discapacidad con un 20,3% (hasta un 18,4% en CEEs).\u003C\/li\u003E\u003Cli\u003EDesde el punto de vista territorial, Andaluc\u00eda, Madrid y Catalu\u00f1a concentran la mayor parte de las contrataciones realizadas (el 46,2%) para el caso de los CEE la situaci\u00f3n es similar, aunque el peso del Pa\u00eds Vasco es mayor. A nivel provincial Madrid, Barcelona, Valencia y Sevilla son las zonas que mayor n\u00famero de contratos producen.\u003C\/li\u003E\u003Cli\u003EEn lo que se refiere a la evoluci\u00f3n del volumen de contrataciones, todo queda marcado por el efecto de la pandemia del a\u00f1o 2020, con una p\u00e9rdida del 26,4% de los contratos, en 2021, la recuperaci\u00f3n es notable con un crecimiento del 31,8% aunque aun ligeramente por debajo de los datos prepandemia. En 2022 el crecimiento es de tan solo un 8% y con los \u00faltimos datos tal y como hemos se\u00f1alado, el crecimiento es negativo.\u003C\/li\u003E\u003C\/ul\u003E\u003C\/div\u003E\n\n\u003C!-- END CUSTOM TEMPLATE OUTPUT from \u0027themes\/custom\/sub_noahs_theme\/templates\/form\/container.html.twig\u0027 --\u003E\n\n\u003C\/div\u003E\n\n\u003C!-- END CUSTOM TEMPLATE OUTPUT from \u0027themes\/custom\/sub_noahs_theme\/templates\/form\/container.html.twig\u0027 --\u003E\n\n","settings":null,"effect":"fade","speed":"slow"}]