[{"command":"insert","method":"replaceWith","selector":"#indicator-content-ajax","data":"\n\n\u003C!-- THEME DEBUG --\u003E\n\u003C!-- THEME HOOK: \u0027container\u0027 --\u003E\n\u003C!-- \ud83d\udca1 BEGIN CUSTOM TEMPLATE OUTPUT from \u0027themes\/custom\/sub_noahs_theme\/templates\/form\/container.html.twig\u0027 --\u003E\n\u003Cdiv id=\u0022indicator-content-ajax\u0022 class=\u0022daba-bank-full-main  mb-lg-0\u0022\u003E\n\n\u003C!-- THEME DEBUG --\u003E\n\u003C!-- THEME HOOK: \u0027container\u0027 --\u003E\n\u003C!-- \ud83d\udca1 BEGIN CUSTOM TEMPLATE OUTPUT from \u0027themes\/custom\/sub_noahs_theme\/templates\/form\/container.html.twig\u0027 --\u003E\n\u003Cdiv class=\u0022data-bank-indicator-title text-uppercase fs-5 fw-bold pb-2 mb-lg-0\u0022\u003E\u003Cp\u003EDefinici\u00f3n y fuentes\u003C\/p\u003E\n\u003C\/div\u003E\n\n\u003C!-- END CUSTOM TEMPLATE OUTPUT from \u0027themes\/custom\/sub_noahs_theme\/templates\/form\/container.html.twig\u0027 --\u003E\n\n\n\n\u003C!-- THEME DEBUG --\u003E\n\u003C!-- THEME HOOK: \u0027container\u0027 --\u003E\n\u003C!-- \ud83d\udca1 BEGIN CUSTOM TEMPLATE OUTPUT from \u0027themes\/custom\/sub_noahs_theme\/templates\/form\/container.html.twig\u0027 --\u003E\n\u003Cdiv class=\u0022o-field-value mb-lg-0\u0022\u003E\u003Cp\u003EEste indicador analiza el volumen de Centros Especiales de Empleo en Espa\u00f1a, as\u00ed como la plantilla de personas con discapacidad en dichos centros, la relaci\u00f3n entre ambas magnitudes. As\u00ed como la desagregaci\u00f3n por diversas variables disponibles.\u003C\/p\u003E\r\n\r\n\u003Cp\u003ELa fuente utilizada es el estudio \u003Cspan\u003E\u0022Presente y Futuro de los Centros Especiales de Empleo\u0022\u003C\/span\u003E, que fue elaborado por KPMG en el marco del Programa Operativo del FSE de Lucha contra la Discriminaci\u00f3n 2007-2013 cofinanciado por el Fondo Social Europeo, con datos recogidos por el Servicio P\u00fablico de Empleo Estatal (SEPE) para 2011. En la actualizaci\u00f3n de los datos se ha utilizado la informaci\u00f3n del Anuario de Estad\u00edsticas del Ministerio de Empleo y Seguridad Social para 2013, recogida a su vez a trav\u00e9s del SEPE.\u003C\/p\u003E\r\n\r\n\u003Cp\u003EPara los datos m\u00e1s actualizados sobre Centros Especiales de Empleo se ha recurrido a la informaci\u00f3n p\u00fablica presentada en el bolet\u00edn Oficial de Congreso a partir de las respuestas a preguntas parlamentarias planteadas por diversos partidos. Por las caracter\u00edsticas de esta fuente de informaci\u00f3n, su actualizaci\u00f3n esta sujeta a la disponibilidad de los datos se\u00f1alados\u003C\/p\u003E\r\n\u003C\/div\u003E\n\n\u003C!-- END CUSTOM TEMPLATE OUTPUT from \u0027themes\/custom\/sub_noahs_theme\/templates\/form\/container.html.twig\u0027 --\u003E\n\n\u003C\/div\u003E\n\n\u003C!-- END CUSTOM TEMPLATE OUTPUT from \u0027themes\/custom\/sub_noahs_theme\/templates\/form\/container.html.twig\u0027 --\u003E\n\n","settings":null,"effect":"fade","speed":"slow"}]