[{"command":"add_css","data":[{"rel":"stylesheet","media":"all","href":"\/modules\/contrib\/paragraphs\/css\/paragraphs.unpublished.css?tdzxgi"},{"rel":"stylesheet","media":"all","href":"\/themes\/custom\/bootstrap_barrio\/css\/components\/node.css?tdzxgi"}]},{"command":"insert","method":"replaceWith","selector":"#indicator-content-ajax","data":"\n\n\u003C!-- THEME DEBUG --\u003E\n\u003C!-- THEME HOOK: \u0027container\u0027 --\u003E\n\u003C!-- \ud83d\udca1 BEGIN CUSTOM TEMPLATE OUTPUT from \u0027themes\/custom\/sub_noahs_theme\/templates\/form\/container.html.twig\u0027 --\u003E\n\u003Cdiv id=\u0022indicator-content-ajax\u0022 class=\u0022daba-bank-full-main  mb-lg-0\u0022\u003E\n\n\u003C!-- THEME DEBUG --\u003E\n\u003C!-- THEME HOOK: \u0027container\u0027 --\u003E\n\u003C!-- \ud83d\udca1 BEGIN CUSTOM TEMPLATE OUTPUT from \u0027themes\/custom\/sub_noahs_theme\/templates\/form\/container.html.twig\u0027 --\u003E\n\u003Cdiv class=\u0022data-bank-indicator-title text-uppercase fs-5 fw-bold pb-2 mb-lg-0\u0022\u003E\u003Cp\u003EComparativa auton\u00f3mica\u003C\/p\u003E\n\u003C\/div\u003E\n\n\u003C!-- END CUSTOM TEMPLATE OUTPUT from \u0027themes\/custom\/sub_noahs_theme\/templates\/form\/container.html.twig\u0027 --\u003E\n\n\n\n\u003C!-- THEME DEBUG --\u003E\n\u003C!-- THEME HOOK: \u0027container\u0027 --\u003E\n\u003C!-- \ud83d\udca1 BEGIN CUSTOM TEMPLATE OUTPUT from \u0027themes\/custom\/sub_noahs_theme\/templates\/form\/container.html.twig\u0027 --\u003E\n\u003Cdiv class=\u0022o-field-value mb-lg-0\u0022\u003E\n\n\u003C!-- THEME DEBUG --\u003E\n\u003C!-- THEME HOOK: \u0027node\u0027 --\u003E\n\u003C!-- FILE NAME SUGGESTIONS:\n   \u25aa\ufe0f node--1001--teaser.html.twig\n   \u25aa\ufe0f node--1001.html.twig\n   \u25aa\ufe0f node--data-sample--teaser.html.twig\n   \u2705 node--data-sample.html.twig\n   \u25aa\ufe0f node--teaser.html.twig\n   \u25aa\ufe0f node.html.twig\n--\u003E\n\u003C!-- \ud83d\udca1 BEGIN CUSTOM TEMPLATE OUTPUT from \u0027themes\/custom\/sub_noahs_theme\/templates\/content\/node--data-sample.html.twig\u0027 --\u003E\n\n\n\u003Carticle class=\u0022node node--type-data-sample node--view-mode-teaser clearfix\u0022\u003E\n    \u003Cdiv class=\u0022node__content clearfix m-0\u0022\u003E\n        \n\n\u003C!-- THEME DEBUG --\u003E\n\u003C!-- THEME HOOK: \u0027container\u0027 --\u003E\n\u003C!-- \ud83d\udca1 BEGIN CUSTOM TEMPLATE OUTPUT from \u0027themes\/custom\/sub_noahs_theme\/templates\/form\/container.html.twig\u0027 --\u003E\n\u003Cdiv class=\u0022field field--name-field-title field--type-string field--label-hidden field__item teaser-title text-primary pb-3 mb-lg-0\u0022\u003E\u003Ca href=\u0022\/datos\/salario-medio-anual-bruto-de-las-personas-con-discapacidad-y-sin-discapacidad-asalariadas-0\u0022\u003ESalario medio anual bruto de las personas con discapacidad y sin discapacidad asalariadas, por regiones. 2023\u003C\/a\u003E\u003C\/div\u003E\n\n\u003C!-- END CUSTOM TEMPLATE OUTPUT from \u0027themes\/custom\/sub_noahs_theme\/templates\/form\/container.html.twig\u0027 --\u003E\n\n\n\n\u003C!-- THEME DEBUG --\u003E\n\u003C!-- THEME HOOK: \u0027field\u0027 --\u003E\n\u003C!-- FILE NAME SUGGESTIONS:\n   \u25aa\ufe0f field--node--field-source-data--data-sample.html.twig\n   \u25aa\ufe0f field--node--field-source-data.html.twig\n   \u25aa\ufe0f field--node--data-sample.html.twig\n   \u25aa\ufe0f field--field-source-data.html.twig\n   \u25aa\ufe0f field--entity-reference-revisions.html.twig\n   \u2705 field.html.twig\n--\u003E\n\u003C!-- BEGIN OUTPUT from \u0027themes\/contrib\/noahs_builder_theme\/templates\/field\/field.html.twig\u0027 --\u003E\n\n            \u003Cdiv class=\u0022field field-field-source-data field-type-entity-reference-revisions field-label-hidden field-item\u0022\u003E\n\n\u003C!-- THEME DEBUG --\u003E\n\u003C!-- THEME HOOK: \u0027paragraph\u0027 --\u003E\n\u003C!-- FILE NAME SUGGESTIONS:\n   \u25aa\ufe0f paragraph--2020.html.twig\n   \u25aa\ufe0f paragraph--html--default.html.twig\n   \u25aa\ufe0f paragraph--html.html.twig\n   \u2705 paragraph--default.html.twig\n   \u25aa\ufe0f paragraph.html.twig\n--\u003E\n\u003C!-- \ud83d\udca1 BEGIN CUSTOM TEMPLATE OUTPUT from \u0027themes\/custom\/sub_noahs_theme\/templates\/paragraph\/paragraph--default.html.twig\u0027 --\u003E\n\n  \u003Cdiv class=\u0022paragraph paragraph--type--html paragraph--view-mode--default\u0022\u003E\n      \u003Cdiv class=\u0022container-fluid p-0\u0022\u003E\n          \n\n\u003C!-- THEME DEBUG --\u003E\n\u003C!-- THEME HOOK: \u0027field\u0027 --\u003E\n\u003C!-- FILE NAME SUGGESTIONS:\n   \u25aa\ufe0f field--paragraph--field-description--html.html.twig\n   \u25aa\ufe0f field--paragraph--field-description.html.twig\n   \u25aa\ufe0f field--paragraph--html.html.twig\n   \u25aa\ufe0f field--field-description.html.twig\n   \u25aa\ufe0f field--text-long.html.twig\n   \u2705 field.html.twig\n--\u003E\n\u003C!-- BEGIN OUTPUT from \u0027themes\/contrib\/noahs_builder_theme\/templates\/field\/field.html.twig\u0027 --\u003E\n\n            \u003Cdiv class=\u0022field field-field-description field-type-text-long field-label-hidden field-item\u0022\u003E\u003Cdiv class=\u0027tableauPlaceholder\u0027 id=\u0027viz1557227238488\u0027 style=\u0027position: relative\u0027\u003E\u003Cnoscript\u003E\u003Ca href=\u0027\u0027\u003E\u003Cimg alt=\u0027 \u0027 src=\u0027https:\u0026#47;\u0026#47;public.tableau.com\u0026#47;static\u0026#47;images\u0026#47;2_\u0026#47;2_07_Comparativaregional\u0026#47;GRFICO\u0026#47;1_rss.png\u0027 style=\u0027border: none\u0027 \/\u003E\u003C\/a\u003E\u003C\/noscript\u003E\u003Cobject class=\u0027tableauViz\u0027  style=\u0027display:none;\u0027\u003E\u003Cparam name=\u0027host_url\u0027 value=\u0027https%3A%2F%2Fpublic.tableau.com%2F\u0027 \/\u003E \u003Cparam name=\u0027embed_code_version\u0027 value=\u00273\u0027 \/\u003E \u003Cparam name=\u0027site_root\u0027 value=\u0027\u0027 \/\u003E\u003Cparam name=\u0027name\u0027 value=\u00272_07_Comparativaregional\u0026#47;GRFICO\u0027 \/\u003E\u003Cparam name=\u0027tabs\u0027 value=\u0027no\u0027 \/\u003E\u003Cparam name=\u0027toolbar\u0027 value=\u0027yes\u0027 \/\u003E\u003Cparam name=\u0027static_image\u0027 value=\u0027https:\u0026#47;\u0026#47;public.tableau.com\u0026#47;static\u0026#47;images\u0026#47;2_\u0026#47;2_07_Comparativaregional\u0026#47;GRFICO\u0026#47;1.png\u0027 \/\u003E \u003Cparam name=\u0027animate_transition\u0027 value=\u0027yes\u0027 \/\u003E\u003Cparam name=\u0027display_static_image\u0027 value=\u0027yes\u0027 \/\u003E\u003Cparam name=\u0027display_spinner\u0027 value=\u0027yes\u0027 \/\u003E\u003Cparam name=\u0027display_overlay\u0027 value=\u0027yes\u0027 \/\u003E\u003Cparam name=\u0027display_count\u0027 value=\u0027yes\u0027 \/\u003E\u003Cparam name=\u0027filter\u0027 value=\u0027publish=yes\u0027 \/\u003E\u003C\/object\u003E\u003C\/div\u003E                \u003Cscript type=\u0027text\/javascript\u0027\u003E                    var divElement = document.getElementById(\u0027viz1557227238488\u0027);                    var vizElement = divElement.getElementsByTagName(\u0027object\u0027)[0];                    vizElement.style.width=\u0027100%\u0027;vizElement.style.height=(divElement.offsetWidth*0.75)+\u0027px\u0027;                    var scriptElement = document.createElement(\u0027script\u0027);                    scriptElement.src = \u0027https:\/\/public.tableau.com\/javascripts\/api\/viz_v1.js\u0027;                    vizElement.parentNode.insertBefore(scriptElement, vizElement);                \u003C\/script\u003E\u003C\/div\u003E\n      \n\u003C!-- END OUTPUT from \u0027themes\/contrib\/noahs_builder_theme\/templates\/field\/field.html.twig\u0027 --\u003E\n\n\n          \u003C\/div\u003E\n  \u003C\/div\u003E\n\n\u003C!-- END CUSTOM TEMPLATE OUTPUT from \u0027themes\/custom\/sub_noahs_theme\/templates\/paragraph\/paragraph--default.html.twig\u0027 --\u003E\n\n\u003C\/div\u003E\n      \n\u003C!-- END OUTPUT from \u0027themes\/contrib\/noahs_builder_theme\/templates\/field\/field.html.twig\u0027 --\u003E\n\n\n\n\u003C!-- THEME DEBUG --\u003E\n\u003C!-- THEME HOOK: \u0027field\u0027 --\u003E\n\u003C!-- FILE NAME SUGGESTIONS:\n   \u25aa\ufe0f field--node--field-footnote--data-sample.html.twig\n   \u25aa\ufe0f field--node--field-footnote.html.twig\n   \u25aa\ufe0f field--node--data-sample.html.twig\n   \u25aa\ufe0f field--field-footnote.html.twig\n   \u25aa\ufe0f field--text-long.html.twig\n   \u2705 field.html.twig\n--\u003E\n\u003C!-- BEGIN OUTPUT from \u0027themes\/contrib\/noahs_builder_theme\/templates\/field\/field.html.twig\u0027 --\u003E\n\n            \u003Cdiv class=\u0022field field-field-footnote field-type-text-long field-label-hidden field-item\u0022\u003E\u003Cp\u003E\u003Cstrong\u003ENoroeste: \u003C\/strong\u003EGalicia, Principado de Asturias y Cantabria.\u003C\/p\u003E\u003Cp\u003E\u003Cstrong\u003ENoreste: \u003C\/strong\u003EPa\u00eds Vasco, Comunidad Foral de Navarra, La Rioja y Arag\u00f3n.\u003C\/p\u003E\u003Cp\u003E\u003Cstrong\u003EComunidad de Madrid.\u003C\/strong\u003E\u003C\/p\u003E\u003Cp\u003E\u003Cstrong\u003ECentro:\u003C\/strong\u003E Castilla y Le\u00f3n, Castilla-La Mancha y Extremadura.\u003C\/p\u003E\u003Cp\u003E\u003Cstrong\u003EEste:\u003C\/strong\u003E Catalu\u00f1a, Comunidad Valenciana e Islas Baleares.\u003C\/p\u003E\u003Cp\u003E\u003Cstrong\u003ESur: \u003C\/strong\u003EAndaluc\u00eda, Regi\u00f3n de Murcia, Ciudad Aut\u00f3noma de Ceuta y Ciudad Aut\u00f3noma de Melilla.\u003C\/p\u003E\u003Cp\u003E\u003Cstrong\u003ECanarias.\u003C\/strong\u003E\u003C\/p\u003E\u003Cp\u003E\u003Cspan style=\u0022color:#c0392b;\u0022\u003E\u003Cstrong\u003EExplicaci\u00f3n sobre el gr\u00e1fico:\u003C\/strong\u003E\u003C\/span\u003E\u003C\/p\u003E\u003Cp\u003EEste gr\u00e1fico de barras muestra para el a\u00f1o 2021 el salario medio anual bruto de las personas con\u0026nbsp;y sin discapacidad asalariadas por regiones NUTS. Las regiones son: Canarias, centro, noroeste, sur, este, noreste, Madrid y la media nacional. El eje vertical principal corresponde al salario medio bruto anual.\u0026nbsp;Salario medio anual bruto de las personas con discapacidad: Noroeste, 23412,3;\u0026nbsp;Noreste, 23749,7;\u0026nbsp;Comunidad de\u0026nbsp;Madrid, 25110,3;\u0026nbsp;Centro, 20866; Este, 23034,7;\u0026nbsp;Sur, 22967,3;\u0026nbsp;Canarias,\u0026nbsp;23200,8y\u0026nbsp;media\u0026nbsp;nacional, 23159,7. Personas sin discapacidad:\u0026nbsp;Noroeste, 26172,1;\u0026nbsp;Noreste, 30935,9;\u0026nbsp;Comunidad de\u0026nbsp;Madrid,32395,5;\u0026nbsp;Centro, 25000,6; Este, 28563;\u0026nbsp;Sur, 25169,8;\u0026nbsp;Canarias, 24054,7\u0026nbsp;y\u0026nbsp;media\u0026nbsp;nacional, 28207,8.\u003Co:p\u003E\u003C\/o:p\u003E\u003C\/p\u003E\u003C\/div\u003E\n      \n\u003C!-- END OUTPUT from \u0027themes\/contrib\/noahs_builder_theme\/templates\/field\/field.html.twig\u0027 --\u003E\n\n\n\n\u003C!-- THEME DEBUG --\u003E\n\u003C!-- THEME HOOK: \u0027pseudo_field\u0027 --\u003E\n\u003C!-- \ud83d\udca1 BEGIN CUSTOM TEMPLATE OUTPUT from \u0027themes\/custom\/sub_noahs_theme\/templates\/field\/pseudo-field.html.twig\u0027 --\u003E\n\n\u003Cdiv class=\u0022field field-pseudo-social-sharing pt-3\u0022\u003E\n  \u003Cdiv class=\u0022pt-3 border-top border-primary\u0022\u003E\n\n\u003C!-- THEME DEBUG --\u003E\n\u003C!-- THEME HOOK: \u0027item_list\u0027 --\u003E\n\u003C!-- BEGIN OUTPUT from \u0027core\/modules\/system\/templates\/item-list.html.twig\u0027 --\u003E\n\u003Ch3\u003ECompartir:\u003C\/h3\u003E\u003Cul class=\u0022share-container__items d-flex gap-3 flex-column flex-sm-row\u0022\u003E\u003Cli class=\u0022share-container__item border-0 rounded-0 p-0 col-12 col-sm-auto share-container__item-facebook\u0022\u003E\u003Ca href=\u0022https:\/\/www.facebook.com\/sharer\/sharer.php?u=https%3A\/\/odismet.org\/datos\/salario-medio-anual-bruto-de-las-personas-con-discapacidad-y-sin-discapacidad-asalariadas-0\u0022 class=\u0022text-white share-link px-3 py-2 lh-sm\u0022 target=\u0022_blank\u0022\u003EFacebook\u003C\/a\u003E\u003C\/li\u003E\u003Cli class=\u0022share-container__item border-0 rounded-0 p-0 col-12 col-sm-auto share-container__item-twitter\u0022\u003E\u003Ca href=\u0022https:\/\/twitter.com\/intent\/tweet?text=Salario%20medio%20anual%20bruto%20de%20las%20personas%20con%20discapacidad%20y%20sin%20discapacidad%20asalariadas%2C%20por%20regiones.%202023\u0026amp;url=https%3A\/\/odismet.org\/datos\/salario-medio-anual-bruto-de-las-personas-con-discapacidad-y-sin-discapacidad-asalariadas-0\u0022 class=\u0022text-white share-link px-3 py-2 lh-sm\u0022 target=\u0022_blank\u0022\u003ETwitter\u003C\/a\u003E\u003C\/li\u003E\u003Cli class=\u0022share-container__item border-0 rounded-0 p-0 col-12 col-sm-auto share-container__item-linkedin\u0022\u003E\u003Ca href=\u0022https:\/\/www.linkedin.com\/shareArticle?mini=true\u0026amp;url=https%3A\/\/odismet.org\/datos\/salario-medio-anual-bruto-de-las-personas-con-discapacidad-y-sin-discapacidad-asalariadas-0\u0026amp;title=Salario%20medio%20anual%20bruto%20de%20las%20personas%20con%20discapacidad%20y%20sin%20discapacidad%20asalariadas%2C%20por%20regiones.%202023\u0022 class=\u0022text-white share-link px-3 py-2 lh-sm\u0022 target=\u0022_blank\u0022\u003ELinkedin\u003C\/a\u003E\u003C\/li\u003E\u003C\/ul\u003E\n\u003C!-- END OUTPUT from \u0027core\/modules\/system\/templates\/item-list.html.twig\u0027 --\u003E\n\n\n\u003C\/div\u003E\n\n\u003C!-- END CUSTOM TEMPLATE OUTPUT from \u0027themes\/custom\/sub_noahs_theme\/templates\/field\/pseudo-field.html.twig\u0027 --\u003E\n\n\n    \u003C\/div\u003E\n\u003C\/article\u003E\n\n\n\u003C!-- END CUSTOM TEMPLATE OUTPUT from \u0027themes\/custom\/sub_noahs_theme\/templates\/content\/node--data-sample.html.twig\u0027 --\u003E\n\n\u003C\/div\u003E\n\n\u003C!-- END CUSTOM TEMPLATE OUTPUT from \u0027themes\/custom\/sub_noahs_theme\/templates\/form\/container.html.twig\u0027 --\u003E\n\n\u003C\/div\u003E\n\n\u003C!-- END CUSTOM TEMPLATE OUTPUT from \u0027themes\/custom\/sub_noahs_theme\/templates\/form\/container.html.twig\u0027 --\u003E\n\n","settings":null,"effect":"fade","speed":"slow"}]