[{"command":"insert","method":"replaceWith","selector":"#indicator-content-ajax","data":"\n\n\u003C!-- THEME DEBUG --\u003E\n\u003C!-- THEME HOOK: \u0027container\u0027 --\u003E\n\u003C!-- \ud83d\udca1 BEGIN CUSTOM TEMPLATE OUTPUT from \u0027themes\/custom\/sub_noahs_theme\/templates\/form\/container.html.twig\u0027 --\u003E\n\u003Cdiv id=\u0022indicator-content-ajax\u0022 class=\u0022daba-bank-full-main  mb-lg-0\u0022\u003E\n\n\u003C!-- THEME DEBUG --\u003E\n\u003C!-- THEME HOOK: \u0027container\u0027 --\u003E\n\u003C!-- \ud83d\udca1 BEGIN CUSTOM TEMPLATE OUTPUT from \u0027themes\/custom\/sub_noahs_theme\/templates\/form\/container.html.twig\u0027 --\u003E\n\u003Cdiv class=\u0022data-bank-indicator-title text-uppercase fs-5 fw-bold pb-2 mb-lg-0\u0022\u003E\u003Cp\u003EPrincipales resultados\u003C\/p\u003E\n\u003C\/div\u003E\n\n\u003C!-- END CUSTOM TEMPLATE OUTPUT from \u0027themes\/custom\/sub_noahs_theme\/templates\/form\/container.html.twig\u0027 --\u003E\n\n\n\n\u003C!-- THEME DEBUG --\u003E\n\u003C!-- THEME HOOK: \u0027container\u0027 --\u003E\n\u003C!-- \ud83d\udca1 BEGIN CUSTOM TEMPLATE OUTPUT from \u0027themes\/custom\/sub_noahs_theme\/templates\/form\/container.html.twig\u0027 --\u003E\n\u003Cdiv class=\u0022o-field-value mb-lg-0\u0022\u003E\u003Cul\u003E\u003Cli\u003EPara el a\u00f1o 2023, el 15,7% de las personas con discapacidad (1.055.789 personas) resid\u00edan en hogares en los que se dan situaciones de baja intensidad laboral. El porcentaje es 7\u0026nbsp;puntos m\u00e1s alto que el registrado entre la poblaci\u00f3n general. El indicador se mantiene respecto a la medici\u00f3n anterior, aunque la distancia respecto a la poblaci\u00f3n general contin\u00faa siendo alta, lo que evidencia las notables dificultades en el acceso al mercado laboral de las personas con discapacidad, a tenor de los datos, sus posibilidades de trabajar est\u00e1n muy por debajo de los que ser\u00eda deseable.\u003C\/li\u003E\u003Cli\u003EDe acuerdo con los datos recogidos de la Encuesta de Condiciones de Vida (ECV), la prevalencia de personas con discapacidad en hogares con baja intensidad laboral es m\u00e1s elevada entre las mujeres que entre los hombres (15,2% frente a 16,2%), as\u00ed como entre aquellos de 45 a 64 a\u00f1os (17,2%).\u003C\/li\u003E\u003Cli\u003EDesde una perspectiva de comparaci\u00f3n europea, con los datos de EUROSTAT para el a\u00f1o 2021\u0026nbsp;aunque con una metodolog\u00eda diferente, podemos observar que Espa\u00f1a se encuentra en la posici\u00f3n n\u00famero 11 de los pa\u00edses de la Uni\u00f3n Europea con mayor porcentaje de personas en con baja intensidad laboral. Son Irlanda y B\u00e9lgica quienes cuentan con la tasa m\u00e1s alta, mientras que Portugal y Estonia la m\u00e1s baja.\u003C\/li\u003E\u003Cli\u003EPor Comunidad Aut\u00f3noma, son Melilla y Extremadura, las zonas donde mayor porcentaje de personas con discapacidad con baja intensidad laboral encontramos.\u003C\/li\u003E\u003Cli\u003EFinalmente, la evoluci\u00f3n de la tasa presenta numerosos altibajos, aunque lo cierto es que siempre ha sido muy superior a la mostrada por las personas sin discapacidad. La excepci\u00f3n la encontramos en los \u00faltimos ejercicios, tras la pandemia se ha producido una clara reducci\u00f3n en el porcentaje de baja intensidad laboral de las personas con discapacidad.\u003C\/li\u003E\u003C\/ul\u003E\u003C\/div\u003E\n\n\u003C!-- END CUSTOM TEMPLATE OUTPUT from \u0027themes\/custom\/sub_noahs_theme\/templates\/form\/container.html.twig\u0027 --\u003E\n\n\u003C\/div\u003E\n\n\u003C!-- END CUSTOM TEMPLATE OUTPUT from \u0027themes\/custom\/sub_noahs_theme\/templates\/form\/container.html.twig\u0027 --\u003E\n\n","settings":null,"effect":"fade","speed":"slow"}]