[{"command":"insert","method":"replaceWith","selector":"#indicator-content-ajax","data":"\n\n\u003C!-- THEME DEBUG --\u003E\n\u003C!-- THEME HOOK: \u0027container\u0027 --\u003E\n\u003C!-- \ud83d\udca1 BEGIN CUSTOM TEMPLATE OUTPUT from \u0027themes\/custom\/sub_noahs_theme\/templates\/form\/container.html.twig\u0027 --\u003E\n\u003Cdiv id=\u0022indicator-content-ajax\u0022 class=\u0022daba-bank-full-main  mb-lg-0\u0022\u003E\n\n\u003C!-- THEME DEBUG --\u003E\n\u003C!-- THEME HOOK: \u0027container\u0027 --\u003E\n\u003C!-- \ud83d\udca1 BEGIN CUSTOM TEMPLATE OUTPUT from \u0027themes\/custom\/sub_noahs_theme\/templates\/form\/container.html.twig\u0027 --\u003E\n\u003Cdiv class=\u0022data-bank-indicator-title text-uppercase fs-5 fw-bold pb-2 mb-lg-0\u0022\u003E\u003Cp\u003EDefinici\u00f3n y fuentes\u003C\/p\u003E\n\u003C\/div\u003E\n\n\u003C!-- END CUSTOM TEMPLATE OUTPUT from \u0027themes\/custom\/sub_noahs_theme\/templates\/form\/container.html.twig\u0027 --\u003E\n\n\n\n\u003C!-- THEME DEBUG --\u003E\n\u003C!-- THEME HOOK: \u0027container\u0027 --\u003E\n\u003C!-- \ud83d\udca1 BEGIN CUSTOM TEMPLATE OUTPUT from \u0027themes\/custom\/sub_noahs_theme\/templates\/form\/container.html.twig\u0027 --\u003E\n\u003Cdiv class=\u0022o-field-value mb-lg-0\u0022\u003E\u003Cp\u003ELa tasa de riesgo de pobreza de la poblaci\u00f3n con discapacidad ocupada (\u003Cem\u003Ein work at-risk-of-poverty rate\u003C\/em\u003E) es la proporci\u00f3n de personas de 18\u0026nbsp;y m\u00e1s a\u00f1os con discapacidad ocupadas (durante al menos siete meses en el a\u00f1o previo a la encuesta) con unos ingresos netos equivalentes inferiores al umbral de pobreza fijado en el 60% de la mediana de los ingresos por unidad de consumo de las personas. La mediana es el valor que, ordenando a todos los individuos de menor a mayor ingreso, deja una mitad de los mismos por debajo de dicho valor y a la otra mitad por encima. La conversi\u00f3n de la renta del hogar a renta personal se realiza utilizando la escala de equivalencia de la OCDE corregida que pondera a la primera persona adulta del hogar con 1, al resto de personas adultas con 0,5 y a las menores de 14 a\u00f1os con 0,3. Es uno de los indicadores a trav\u00e9s de los cuales se analiza en la actualidad el fen\u00f3meno de los trabajadores\/as pobres.\u003C\/p\u003E\r\n\r\n\u003Cp\u003ELos datos recogidos provienen de la \u003Ca href=\u0022http:\/\/www.ine.es\/dyngs\/INEbase\/es\/operacion.htm?c=Estadistica_C\u0026amp;cid=1254736176807\u0026amp;menu=ultiDatos\u0026amp;idp=1254735976608\u0022\u003EEncuesta de Condiciones de Vida\u003C\/a\u003E\u003Cspan\u003E \u003C\/span\u003Edel INE y han sido extra\u00eddos a partir de los microdatos que incorpora la nueva metodolog\u00eda adoptada en 2013. El n\u00famero de personas con discapacidad se ha obtenido a partir del n\u00famero de personas mayores de 16 a\u00f1os que afirman haberse sentido limitadas (gravemente o no) para realizar las actividades que la gente habitualmente hace debido a un problema de salud.\u003C\/p\u003E\r\n\r\n\u003Cp\u003ELa comparativa europea procede de EUROSTAT, en concreto de la fuente hom\u00f3loga a nivel europeo, las estad\u00edsticas de la Uni\u00f3n Europea sobre la Renta y las Condiciones de Vida \u2013\u003Ca href=\u0022https:\/\/ec.europa.eu\/eurostat\/web\/income-and-living-conditions\/data\u0022\u003EStatistics on Income and Living Conditions\u003C\/a\u003E\u003Cspan\u003E \u003C\/span\u003E(EU-SILC)\u2013. pueden encontrarse diferencias en los datos referidos a nuestro pa\u00eds por el a\u00f1o de comparaci\u00f3n y la metodolog\u00eda en el c\u00e1lculo.\u003C\/p\u003E\r\n\u003C\/div\u003E\n\n\u003C!-- END CUSTOM TEMPLATE OUTPUT from \u0027themes\/custom\/sub_noahs_theme\/templates\/form\/container.html.twig\u0027 --\u003E\n\n\u003C\/div\u003E\n\n\u003C!-- END CUSTOM TEMPLATE OUTPUT from \u0027themes\/custom\/sub_noahs_theme\/templates\/form\/container.html.twig\u0027 --\u003E\n\n","settings":null,"effect":"fade","speed":"slow"}]