[{"command":"insert","method":"replaceWith","selector":"#indicator-content-ajax","data":"\n\n\u003C!-- THEME DEBUG --\u003E\n\u003C!-- THEME HOOK: \u0027container\u0027 --\u003E\n\u003C!-- \ud83d\udca1 BEGIN CUSTOM TEMPLATE OUTPUT from \u0027themes\/custom\/sub_noahs_theme\/templates\/form\/container.html.twig\u0027 --\u003E\n\u003Cdiv id=\u0022indicator-content-ajax\u0022 class=\u0022daba-bank-full-main  mb-lg-0\u0022\u003E\n\n\u003C!-- THEME DEBUG --\u003E\n\u003C!-- THEME HOOK: \u0027container\u0027 --\u003E\n\u003C!-- \ud83d\udca1 BEGIN CUSTOM TEMPLATE OUTPUT from \u0027themes\/custom\/sub_noahs_theme\/templates\/form\/container.html.twig\u0027 --\u003E\n\u003Cdiv class=\u0022data-bank-indicator-title text-uppercase fs-5 fw-bold pb-2 mb-lg-0\u0022\u003E\u003Cp\u003EPrincipales resultados\u003C\/p\u003E\n\u003C\/div\u003E\n\n\u003C!-- END CUSTOM TEMPLATE OUTPUT from \u0027themes\/custom\/sub_noahs_theme\/templates\/form\/container.html.twig\u0027 --\u003E\n\n\n\n\u003C!-- THEME DEBUG --\u003E\n\u003C!-- THEME HOOK: \u0027container\u0027 --\u003E\n\u003C!-- \ud83d\udca1 BEGIN CUSTOM TEMPLATE OUTPUT from \u0027themes\/custom\/sub_noahs_theme\/templates\/form\/container.html.twig\u0027 --\u003E\n\u003Cdiv class=\u0022o-field-value mb-lg-0\u0022\u003E\u003Cul\u003E\u003Cli\u003EEl 12,1% de la poblaci\u00f3n con discapacidad en edad activa cursa estudios actualmente, seg\u00fan datos de 2023\u0026nbsp;de la serie El empleo de las personas con discapacidad. En t\u00e9rminos absolutos, ser\u00edan alrededor de 235.700 personas, lo que supone 13,1 puntos menos que el valor registrado entre la poblaci\u00f3n sin discapacidad (25,2%).\u003C\/li\u003E\u003Cli\u003ESi analizamos esta tasa por sexo, vemos que las mujeres en edad activa tienden a estudiar ligeramente m\u00e1s que los hombres con una tasa 2,7\u0026nbsp;puntos m\u00e1s elevada. Este fen\u00f3meno tambi\u00e9n se produce entre la poblaci\u00f3n sin discapacidad con mayor diferencia (3,3\u0026nbsp;puntos m\u00e1s para las mujeres).\u003C\/li\u003E\u003Cli\u003ECon respecto a la edad, es significativamente m\u00e1s elevado el porcentaje de personas realizando estudios en el grupo etario de 16 a 24 (61,5%), circunstancia l\u00f3gica, al tratarse de una cohorte de edad a\u00fan inmersa en pleno proceso formativo. En ese sentido, en todos los grupos de edad es menor la brecha que en la media total, lo que quiere decir que en parte las significativas diferencias entre personas con y sin discapacidad en torno a esta variable se deben al mayor peso que tienen los j\u00f3venes sobre el total de la poblaci\u00f3n sin discapacidad en edad activa y, por el contrario, al mayor peso de los mayores de 45 a\u00f1os en el caso de las personas con discapacidad.\u003C\/li\u003E\u003Cli\u003EEn los entornos rurales esta tasa es m\u00e1s baja (7,5%) que en las zonas de densidad intermedia (11,2%) y las m\u00e1s pobladas (13,8%), aunque la brecha con la poblaci\u00f3n sin discapacidad es muy similar para todos esos \u00e1mbitos (entre 0,35\u0026nbsp;y 0,52).\u003C\/li\u003E\u003Cli\u003EEn funci\u00f3n de la discapacidad, podemos observar que la tasa de quienes est\u00e1n cursando estudios es m\u00e1s elevada en discapacidades intelectuales (17,4%), un 43,8% por encima de la media del colectivo, quiz\u00e1s por la mayor prolongaci\u00f3n de su etapa formativa y el menor acceso al empleo. En cuanto al grado de discapacidad, parece claro que entre aquellos que cuentan con menor porcentaje hay una mayor presencia de personas form\u00e1ndose dado que para el tramo del 33 al 44% en dicha situaci\u00f3n se encuentran hasta un 17,2% descendiendo hasta el 10,8% para los grados de discapacidad m\u00e1s severos.\u003C\/li\u003E\u003Cli\u003ESi comparamos la tasa por comunidad aut\u00f3noma, a partir de los datos de la Encuesta de Integraci\u00f3n Social y Salud de 2012, nos encontramos que las tasas m\u00e1s bajas de poblaci\u00f3n con discapacidad en edad activa que cursa estudios actualmente se encuentran en Arag\u00f3n (5,4%), Asturias (6,4%) y Murcia (6,6%), mientras que las m\u00e1s altas las encontramos en La Rioja (23,9%), Castilla La Mancha (23,3%), Navarra (19%) y Extremadura (18,8%).\u003C\/li\u003E\u003Cli\u003EAl comparar los datos de nuestro pa\u00eds con los de los pa\u00edses de la Uni\u00f3n Europea observamos que Espa\u00f1a (10,0%) est\u00e1 ligeramente por encima de la media de la UE-28 (9,7%). Entre los pa\u00edses con una mayor tasa de personas con discapacidad en edad activa que cursan estudios actualmente encontramos a Suecia (31%), Dinamarca (28,9%) y Suiza (27,9). Hay que recalcar que la ratio con la poblaci\u00f3n sin discapacidad es muy baja para todos los pa\u00edses, a excepci\u00f3n de Dinamarca y Finlandia.\u003C\/li\u003E\u003Cli\u003EPor \u00faltimo, atendiendo a la evoluci\u00f3n\u0026nbsp;en los \u00faltimos a\u00f1os, podemos hacer dos comparaciones, consecuencia del cambio de metodolog\u00eda, \u00e9stas son, de los a\u00f1os 2008 a 2013 y entre el 2014 y 2023. En relaci\u00f3n a la \u00faltima serie, vemos que el porcentaje de personas con discapacidad form\u00e1ndose ha crecido de manera m\u00e1s o menos constante desde 2014,(5,5 puntos desde entonces) sin embargo, hay que hacer notar que el dato de las personas con discapacidad\u0026nbsp;siempre ha estado muy lejos de los mostrados por las personas sin discapacidad, haciendo as\u00ed m\u00e1s dif\u00edcil estrechar la distancia que existe en cuanto al nivel formativo de ambos colectivos.\u003C\/li\u003E\u003C\/ul\u003E\u003C\/div\u003E\n\n\u003C!-- END CUSTOM TEMPLATE OUTPUT from \u0027themes\/custom\/sub_noahs_theme\/templates\/form\/container.html.twig\u0027 --\u003E\n\n\u003C\/div\u003E\n\n\u003C!-- END CUSTOM TEMPLATE OUTPUT from \u0027themes\/custom\/sub_noahs_theme\/templates\/form\/container.html.twig\u0027 --\u003E\n\n","settings":null,"effect":"fade","speed":"slow"}]