[{"command":"insert","method":"replaceWith","selector":"#indicator-content-ajax","data":"\n\n\u003C!-- THEME DEBUG --\u003E\n\u003C!-- THEME HOOK: \u0027container\u0027 --\u003E\n\u003C!-- \ud83d\udca1 BEGIN CUSTOM TEMPLATE OUTPUT from \u0027themes\/custom\/sub_noahs_theme\/templates\/form\/container.html.twig\u0027 --\u003E\n\u003Cdiv id=\u0022indicator-content-ajax\u0022 class=\u0022daba-bank-full-main  mb-lg-0\u0022\u003E\n\n\u003C!-- THEME DEBUG --\u003E\n\u003C!-- THEME HOOK: \u0027container\u0027 --\u003E\n\u003C!-- \ud83d\udca1 BEGIN CUSTOM TEMPLATE OUTPUT from \u0027themes\/custom\/sub_noahs_theme\/templates\/form\/container.html.twig\u0027 --\u003E\n\u003Cdiv class=\u0022data-bank-indicator-title text-uppercase fs-5 fw-bold pb-2 mb-lg-0\u0022\u003E\u003Cp\u003EPrincipales resultados\u003C\/p\u003E\n\u003C\/div\u003E\n\n\u003C!-- END CUSTOM TEMPLATE OUTPUT from \u0027themes\/custom\/sub_noahs_theme\/templates\/form\/container.html.twig\u0027 --\u003E\n\n\n\n\u003C!-- THEME DEBUG --\u003E\n\u003C!-- THEME HOOK: \u0027container\u0027 --\u003E\n\u003C!-- \ud83d\udca1 BEGIN CUSTOM TEMPLATE OUTPUT from \u0027themes\/custom\/sub_noahs_theme\/templates\/form\/container.html.twig\u0027 --\u003E\n\u003Cdiv class=\u0022o-field-value mb-lg-0\u0022\u003E\u003Cul\u003E\u003Cli\u003E\u003Cspan\u003ECada persona afiliada a la Seguridad Social pudo tener varios episodios de afiliaci\u00f3n en el a\u00f1o, en ese sentido las personas con discapacidad sumaron 1.162.700 altas laborales en total, es decir una media de 1,65 afiliaciones por persona, un promedio inferior que el evidenciado por las personas sin discapacidad cuya media de afiliaciones en el a\u00f1o fue de 1,94. La edad de la primera afiliaci\u00f3n para las personas con discapacidad se sit\u00faa en 20,9 a\u00f1os un cifra menor a la mostrada por las personas con discapacidad cuya incorporaci\u00f3n se hace a los 22,2 a\u00f1os, la percepci\u00f3n general es que las personas con discapacidad se incorporan m\u00e1s tarde al mercado laboral \u0026nbsp;y as\u00ed es cuando contrastamos esta variable por tramos de edad, siendo la edad de primera alta entre los m\u00e1s j\u00f3venes con discapacidad de 20,1 a\u00f1os frente a los 19,9 a\u00f1os de las personas sin discapacidad.\u003C\/span\u003E\u003C\/li\u003E\u003Cli\u003E\u003Cspan\u003EEl 55% de las altas laborales a personas con discapacidad duraron todo el a\u00f1o, un porcentaje superior al mostrado por las personas sin discapacidad (48,2%). En este sentido el 74,1% de las personas con discapacidad solo tuvieron 1 afiliaci\u00f3n al a\u00f1o frente al 68,1% mostrado por la poblaci\u00f3n sin discapacidad.\u003C\/span\u003E\u003C\/li\u003E\u003Cli\u003E\u003Cspan\u003ELas altas en contratos indefinidos sumaron un 44% un registro superior al evidenciado por las personas sin discapacidad que alcanz\u00f3 el 41,6%. Sobre este dato hay que tener en cuenta que hace referencia a todas las afiliaciones realizadas en ese a\u00f1o, por lo que est\u00e1 influyendo la temporalidad en los contratos, pero tambi\u00e9n el tipo de empleo de los ocupados en general.\u003C\/span\u003E\u003C\/li\u003E\u003Cli\u003E\u003Cspan\u003EEl 10,5% de las personas con discapacidad con alguna afiliaci\u00f3n en el a\u00f1o, lo hicieron por cuenta propia un porcentaje inferior al 14,8% mostrado por las personas sin discapacidad.\u003C\/span\u003E\u003C\/li\u003E\u003Cli\u003E\u003Cspan\u003ELa mayor\u00eda de las personas con discapacidad trabajaron en una sola empresa un 82,5% evidenciando un menor nivel de movilidad en el empleo.\u003C\/span\u003E\u003C\/li\u003E\u003Cli\u003E\u003Cspan\u003ESin embargo, la estabilidad en el empleo para las personas con discapacidad a\u00fan est\u00e1 lejos un 42,3% de las altas fueron de menos de un a\u00f1o (incluso un 4,6% de menos de un mes) notablemente superior al 34,8% mostrado entre la poblaci\u00f3n sin discapacidad de nuestro pa\u00eds.\u003C\/span\u003E\u003C\/li\u003E\u003Cli\u003E\u003Cspan\u003ELa representaci\u00f3n de personas con discapacidad en alta en el a\u00f1o es de 3% sobre la poblaci\u00f3n sin discapacidad en alta, su evoluci\u00f3n es de apenas 0,4 puntos desde el a\u00f1o 2016.\u003C\/span\u003E\u003C\/li\u003E\u003C\/ul\u003E\u003C\/div\u003E\n\n\u003C!-- END CUSTOM TEMPLATE OUTPUT from \u0027themes\/custom\/sub_noahs_theme\/templates\/form\/container.html.twig\u0027 --\u003E\n\n\u003C\/div\u003E\n\n\u003C!-- END CUSTOM TEMPLATE OUTPUT from \u0027themes\/custom\/sub_noahs_theme\/templates\/form\/container.html.twig\u0027 --\u003E\n\n","settings":null,"effect":"fade","speed":"slow"}]