[{"command":"insert","method":"replaceWith","selector":"#indicator-content-ajax","data":"\n\n\u003C!-- THEME DEBUG --\u003E\n\u003C!-- THEME HOOK: \u0027container\u0027 --\u003E\n\u003C!-- \ud83d\udca1 BEGIN CUSTOM TEMPLATE OUTPUT from \u0027themes\/custom\/sub_noahs_theme\/templates\/form\/container.html.twig\u0027 --\u003E\n\u003Cdiv id=\u0022indicator-content-ajax\u0022 class=\u0022daba-bank-full-main  mb-lg-0\u0022\u003E\n\n\u003C!-- THEME DEBUG --\u003E\n\u003C!-- THEME HOOK: \u0027container\u0027 --\u003E\n\u003C!-- \ud83d\udca1 BEGIN CUSTOM TEMPLATE OUTPUT from \u0027themes\/custom\/sub_noahs_theme\/templates\/form\/container.html.twig\u0027 --\u003E\n\u003Cdiv class=\u0022data-bank-indicator-title text-uppercase fs-5 fw-bold pb-2 mb-lg-0\u0022\u003E\u003Cp\u003EDefinici\u00f3n y fuentes\u003C\/p\u003E\n\u003C\/div\u003E\n\n\u003C!-- END CUSTOM TEMPLATE OUTPUT from \u0027themes\/custom\/sub_noahs_theme\/templates\/form\/container.html.twig\u0027 --\u003E\n\n\n\n\u003C!-- THEME DEBUG --\u003E\n\u003C!-- THEME HOOK: \u0027container\u0027 --\u003E\n\u003C!-- \ud83d\udca1 BEGIN CUSTOM TEMPLATE OUTPUT from \u0027themes\/custom\/sub_noahs_theme\/templates\/form\/container.html.twig\u0027 --\u003E\n\u003Cdiv class=\u0022o-field-value mb-lg-0\u0022\u003E\u003Cp\u003EEste indicador recoge el gasto en ayudas de car\u00e1cter p\u00fablico concedidas a la integraci\u00f3n laboral de personas con discapacidad, tanto en Centros Especiales de Empleo como en empresa ordinaria. Este gasto se inserta dentro de los Programas de apoyo a la creaci\u00f3n de empleo.\u003C\/p\u003E\r\n\r\n\u003Cp\u003EEn el caso de los CEE, estas ayudas tienen por objeto promover proyectos generadores de empleo de car\u00e1cter innovador para trabajadores con discapacidad desempleados, ayudar al mantenimiento de puestos de trabajo y financiar los costes derivados de la contrataci\u00f3n de unidades de apoyo (equipos multidisciplinares que prestan ayuda a trabajadores discapacitados de centros especiales de empleo).\u003C\/p\u003E\r\n\r\n\u003Cp\u003EEn el segundo caso, el Empleo con apoyo, se facilita orientaci\u00f3n y acompa\u00f1amiento individualizado en el puesto de trabajo a trav\u00e9s de preparadores laborales en empresas del mercado ordinario de trabajo. La duraci\u00f3n m\u00ednima del proyecto de empleo con apoyo ha de ser de 6 meses. A partir de 2008 figuran las ayudas correspondientes al programa de Empleo con apoyo aprobado en el Real Decreto 870\/2007.\u003C\/p\u003E\r\n\r\n\u003Cp\u003EEn el tercer caso, se refiere a subvenciones por la contrataci\u00f3n indefinida de personas con discapacidad en empresas del mercado ordinario, mediante bonificaciones en las cuotas de Seguridad Social, entendiendo por beneficiarios el n\u00famero de contratos realizados a personas con discapacidad en dichas empresas.\u003C\/p\u003E\r\n\r\n\u003Cp\u003ELa fuente de la que se obtienen los datos es el \u003Ca href=\u0022http:\/\/www.mitramiss.gob.es\/es\/estadisticas\/anuarios\/index.htm\u0022 target=\u0022_blank\u0022\u003EAnuario de Estad\u00edsticas del Ministerio de Trabajo y \u003C\/a\u003E\u003Ca href=\u0022https:\/\/www.mites.gob.es\/es\/estadisticas\/anuarios\/index.htm\u0022 target=\u0022_blank\u0022\u003EEconom\u00eda Social.\u003C\/a\u003E\u003C\/p\u003E\r\n\r\n\u003Chr \/\u003E\r\n\u003Cp\u003EEl siguiente gr\u00e1fico muestra la estructura y los datos generales de las ayudas a la creaci\u00f3n de empleo.\u003C\/p\u003E\r\n\u003Cimg alt=\u0022Cuadro de gasto en el apoyo a la creaci\u00f3n de empleo\u0022 data-align=\u0022center\u0022 data-entity-type=\u0022file\u0022 data-entity-uuid=\u00228522026f-19bc-4782-98d1-694066dc5885\u0022 src=\u0022\/sites\/default\/files\/inline-images\/cuadro%20apoyo%20al%20empleo_0.jpg\u0022 \/\u003E\r\n\u003Cp\u003E\u0026nbsp;\u003C\/p\u003E\r\n\u003C\/div\u003E\n\n\u003C!-- END CUSTOM TEMPLATE OUTPUT from \u0027themes\/custom\/sub_noahs_theme\/templates\/form\/container.html.twig\u0027 --\u003E\n\n\u003C\/div\u003E\n\n\u003C!-- END CUSTOM TEMPLATE OUTPUT from \u0027themes\/custom\/sub_noahs_theme\/templates\/form\/container.html.twig\u0027 --\u003E\n\n","settings":null,"effect":"fade","speed":"slow"}]