[{"command":"insert","method":"replaceWith","selector":"#indicator-content-ajax","data":"\n\n\u003C!-- THEME DEBUG --\u003E\n\u003C!-- THEME HOOK: \u0027container\u0027 --\u003E\n\u003C!-- \ud83d\udca1 BEGIN CUSTOM TEMPLATE OUTPUT from \u0027themes\/custom\/sub_noahs_theme\/templates\/form\/container.html.twig\u0027 --\u003E\n\u003Cdiv id=\u0022indicator-content-ajax\u0022 class=\u0022daba-bank-full-main  mb-lg-0\u0022\u003E\n\n\u003C!-- THEME DEBUG --\u003E\n\u003C!-- THEME HOOK: \u0027container\u0027 --\u003E\n\u003C!-- \ud83d\udca1 BEGIN CUSTOM TEMPLATE OUTPUT from \u0027themes\/custom\/sub_noahs_theme\/templates\/form\/container.html.twig\u0027 --\u003E\n\u003Cdiv class=\u0022data-bank-indicator-title text-uppercase fs-5 fw-bold pb-2 mb-lg-0\u0022\u003E\u003Cp\u003EPrincipales resultados\u003C\/p\u003E\n\u003C\/div\u003E\n\n\u003C!-- END CUSTOM TEMPLATE OUTPUT from \u0027themes\/custom\/sub_noahs_theme\/templates\/form\/container.html.twig\u0027 --\u003E\n\n\n\n\u003C!-- THEME DEBUG --\u003E\n\u003C!-- THEME HOOK: \u0027container\u0027 --\u003E\n\u003C!-- \ud83d\udca1 BEGIN CUSTOM TEMPLATE OUTPUT from \u0027themes\/custom\/sub_noahs_theme\/templates\/form\/container.html.twig\u0027 --\u003E\n\u003Cdiv class=\u0022o-field-value mb-lg-0\u0022\u003E\u003Cul\u003E\u003Cli\u003EEn 2023, el n\u00famero de pensiones contributivas por incapacidad permanente abonadas por la Seguridad Social ascendi\u00f3 a 945.963, con un importe medio de 1.119 euros mensuales.\u003C\/li\u003E\u003Cli\u003EEl 63% de las pensiones corresponden a prestaciones por incapacidad permanente total, seguidas por las absolutas (34%) y las de gran invalidez (3,4%).\u003C\/li\u003E\u003Cli\u003EDel total\u0026nbsp;de pensiones, pr\u00e1cticamente dos tercios son para hombres, cuya prestaci\u00f3n mensual, por t\u00e9rmino medio, fue de unos 153,5 euros superior (1.176,5 euros, frente a los 1.023de las mujeres).\u003C\/li\u003E\u003Cli\u003EHasta los 64 a\u00f1os, a medida que aumenta la edad, se incrementa tanto del n\u00famero de pensiones como del importe medio de las mismas (lo cual resulta l\u00f3gico al ser \u00e9stas proporcionales a las cotizaciones por salario de los trabajadores). La excepci\u00f3n la constituyen las personas mayores de 65 a\u00f1os, cuyas prestaciones corresponden mayoritariamente al antiguo Seguro Obligatorio de Vejez e Invalidez (S.O.V.I.), que incluye las pensiones percibidas por aquellas personas que antes del 1 de enero de 1967, fecha de extinci\u00f3n de este, para que tuviesen cubierto el periodo de cotizaci\u00f3n exigido en este r\u00e9gimen. El SOVI en la actualidad representa el 0,4% de las pensiones existentes. La mayor\u00eda de las pensiones contributivas por incapacidad permanente (el 25,2%), pertenecen al r\u00e9gimen general de cotizaci\u00f3n, el 11,9% al r\u00e9gimen especial de aut\u00f3nomos y el 10,2% a accidentes de trabajo y enfermedades profesionales. No ocurre lo mismo con el importe medio dado que son las pensiones pertenecientes al r\u00e9gimen especial de miner\u00eda (0,2% del total) son las que presentan un importe mayor (1.860,7 euros).\u003C\/li\u003E\u003Cli\u003EEn lo que se refiere al tipo de pensi\u00f3n, como hemos dicho la mayor parte de las pensiones contributivas por incapacidad permanente corresponden a pensiones por incapacidad permanente total, seguidas por las absolutas y las de gran invalidez. Esta distribuci\u00f3n es similar en todas las comunidades aut\u00f3nomas, si bien en comunidades como Galicia, Extremadura o Castilla la Mancha el peso de la incapacidad permanente total es notablemente m\u00e1s alta. Mientras que en Comunidad Valencia y La Rioja el porcentaje de pensiones de gran invalidez es superior al de la media.\u003C\/li\u003E\u003Cli\u003EDesde el punto de vista territorial, atendiendo a su distribuci\u00f3n, Andaluc\u00eda y Catalu\u00f1a son las comunidades aut\u00f3nomas en las que hay un mayor n\u00famero de prestaciones. Con respecto a la cuant\u00eda media, la m\u00e1s elevada la encontramos en el Pa\u00eds Vasco, con una cuant\u00eda media de 1.431,6\u0026nbsp;euros; la m\u00e1s baja corresponde a Extremadura, con 951\u0026nbsp;euros mensuales.\u003C\/li\u003E\u003Cli\u003EA nivel comparativo con el resto de los pa\u00edses de la Uni\u00f3n Europea el conjunto de las pensiones econ\u00f3micas por motivo de discapacidad, tanto contributivas como no contributivas, Espa\u00f1a se cuenta entre los pa\u00edses que registran un mayor volumen de pensiones (el 6), destacando especialmente en este sentido Francia.\u003C\/li\u003E\u003Cli\u003EFinalmente, desde el punto de vista evolutivo, Hasta el a\u00f1o 2012 se evidencia un claro aumento en el n\u00famero de pensiones y el importen medio percibido, desciende dicho ritmo hasta 2016, momento en el que se inicia una nueva recuperaci\u00f3n. En 2023 se alcanza la mayor cifra de la serie estudiada, en el importe medio de las pensiones (un incremento del 8,1% respecto al a\u00f1o anterior).\u003Cspan\u003E\u0026nbsp;\u0026nbsp;\u0026nbsp;\u0026nbsp;\u0026nbsp;\u0026nbsp;\u0026nbsp;\u0026nbsp;\u0026nbsp;\u0026nbsp;\u0026nbsp;\u0026nbsp;\u0026nbsp;\u0026nbsp;\u0026nbsp;\u0026nbsp;\u0026nbsp;\u0026nbsp;\u0026nbsp;\u0026nbsp;\u0026nbsp;\u0026nbsp;\u0026nbsp;\u0026nbsp;\u0026nbsp;\u0026nbsp;\u0026nbsp;\u0026nbsp;\u0026nbsp;\u0026nbsp;\u0026nbsp;\u0026nbsp;\u0026nbsp;\u0026nbsp;\u0026nbsp;\u0026nbsp;\u0026nbsp;\u0026nbsp;\u0026nbsp;\u0026nbsp;\u0026nbsp;\u0026nbsp;\u0026nbsp;\u0026nbsp;\u0026nbsp;\u0026nbsp;\u0026nbsp;\u0026nbsp;\u0026nbsp;\u0026nbsp;\u0026nbsp;\u0026nbsp;\u0026nbsp;\u0026nbsp;\u0026nbsp;\u0026nbsp;\u0026nbsp;\u0026nbsp;\u0026nbsp;\u0026nbsp;\u0026nbsp;\u0026nbsp;\u0026nbsp;\u0026nbsp;\u0026nbsp;\u0026nbsp;\u0026nbsp;\u0026nbsp;\u0026nbsp;\u0026nbsp;\u0026nbsp;\u0026nbsp;\u0026nbsp;\u0026nbsp;\u0026nbsp;\u0026nbsp;\u0026nbsp;\u0026nbsp;\u0026nbsp;\u0026nbsp;\u0026nbsp;\u0026nbsp;\u003C\/span\u003E\u003C\/li\u003E\u003C\/ul\u003E\u003C\/div\u003E\n\n\u003C!-- END CUSTOM TEMPLATE OUTPUT from \u0027themes\/custom\/sub_noahs_theme\/templates\/form\/container.html.twig\u0027 --\u003E\n\n\u003C\/div\u003E\n\n\u003C!-- END CUSTOM TEMPLATE OUTPUT from \u0027themes\/custom\/sub_noahs_theme\/templates\/form\/container.html.twig\u0027 --\u003E\n\n","settings":null,"effect":"fade","speed":"slow"}]