[{"command":"insert","method":"replaceWith","selector":"#indicator-content-ajax","data":"\n\n\u003C!-- THEME DEBUG --\u003E\n\u003C!-- THEME HOOK: \u0027container\u0027 --\u003E\n\u003C!-- \ud83d\udca1 BEGIN CUSTOM TEMPLATE OUTPUT from \u0027themes\/custom\/sub_noahs_theme\/templates\/form\/container.html.twig\u0027 --\u003E\n\u003Cdiv id=\u0022indicator-content-ajax\u0022 class=\u0022daba-bank-full-main  mb-lg-0\u0022\u003E\n\n\u003C!-- THEME DEBUG --\u003E\n\u003C!-- THEME HOOK: \u0027container\u0027 --\u003E\n\u003C!-- \ud83d\udca1 BEGIN CUSTOM TEMPLATE OUTPUT from \u0027themes\/custom\/sub_noahs_theme\/templates\/form\/container.html.twig\u0027 --\u003E\n\u003Cdiv class=\u0022data-bank-indicator-title text-uppercase fs-5 fw-bold pb-2 mb-lg-0\u0022\u003E\u003Cp\u003EPrincipales resultados\u003C\/p\u003E\n\u003C\/div\u003E\n\n\u003C!-- END CUSTOM TEMPLATE OUTPUT from \u0027themes\/custom\/sub_noahs_theme\/templates\/form\/container.html.twig\u0027 --\u003E\n\n\n\n\u003C!-- THEME DEBUG --\u003E\n\u003C!-- THEME HOOK: \u0027container\u0027 --\u003E\n\u003C!-- \ud83d\udca1 BEGIN CUSTOM TEMPLATE OUTPUT from \u0027themes\/custom\/sub_noahs_theme\/templates\/form\/container.html.twig\u0027 --\u003E\n\u003Cdiv class=\u0022o-field-value mb-lg-0\u0022\u003E\u003Cul\u003E\u003Cli\u003EEn 2023, el n\u00famero de prestaciones no contributivas que se pueden considerar en l\u00edneas generales asociadas a personas con discapacidad sumaron 185.360. La mayor\u00eda de ellas corresponden a pensiones no contributivas de invalidez (175.792) un 94,8% del total.\u0026nbsp;El resto corresponde en un 4,4% a prestaciones econ\u00f3micas para personas con discapacidad (antigua LISMI) mientras\u0026nbsp;que un escaso % del total son pensiones asistenciales de enfermedad. En total, estas prestaciones asisten al 6,1 por mil de la poblaci\u00f3n de 16 a 64 a\u00f1os.\u003C\/li\u003E\u003Cli\u003EEl an\u00e1lisis de los datos de evoluci\u00f3n pone de manifiesto una progresiva reducci\u00f3n del n\u00famero de prestaciones no contributivas, acompa\u00f1ada de una clara p\u00e9rdida de cobertura a lo largo de los \u00faltimos diez a\u00f1os. Si bien parte de ese descenso se manifiesta entre 2000 y 2001, a\u00f1o en el que los beneficiarios de Pensiones de Invalidez de 65 y m\u00e1s a\u00f1os pasan a Jubilaci\u00f3n, las pensiones no contributivas reguladas por la Ley 26\/1990, de 20 de diciembre, y luego por el Texto Refundido de la Ley de Seguridad Social, no han suplido la progresiva reducci\u00f3n de beneficiarios del subsidio de garant\u00eda de ingresos m\u00ednimos y el subsidio por ayuda de tercera persona (ambas prestaciones de la LISMI, que quedaron derogadas por la norma se\u00f1alada), experimentando incluso una leve reducci\u00f3n progresiva de las pensiones no contributivas hasta situarse por debajo de las 200.000 desde el 2008. Esta reducci\u00f3n ha supuesto que la tasa de cobertura del total de las prestaciones pasara de ser en 2002 de 11,76 por cada 1.000 habitantes a s\u00f3lo 6,1 para el a\u00f1o 2023.\u003C\/li\u003E\u003Cli\u003E\u003Cspan\u003EDesde el punto de vista territorial, en t\u00e9rminos absolutos destaca Andaluc\u00eda que cuenta con 41.070\u0026nbsp;prestaciones no contributivas, casi la cuarta parte del total, (sobre todo pensiones de invalidez). Si analizamos estos datos sobre el total de poblaci\u00f3n, podemos comprobar que la cobertura m\u00e1s reducida, en 2023, corresponde los territorios de Navarra y Madrid que, junto con Baleares y Arag\u00f3n se encuentran por debajo del 4 por 1.000 habitantes, siendo adem\u00e1s de Ceuta, Melilla, Canarias y Cantabria las que registran tasas de cobertura m\u00e1s elevadas.\u0026nbsp;\u0026nbsp;\u0026nbsp;\u0026nbsp;\u0026nbsp;\u0026nbsp;\u0026nbsp;\u0026nbsp;\u0026nbsp;\u0026nbsp;\u0026nbsp;\u0026nbsp;\u0026nbsp;\u0026nbsp;\u0026nbsp;\u0026nbsp;\u0026nbsp;\u0026nbsp;\u0026nbsp;\u0026nbsp;\u0026nbsp;\u0026nbsp;\u0026nbsp;\u003C\/span\u003E\u003C\/li\u003E\u003C\/ul\u003E\u003C\/div\u003E\n\n\u003C!-- END CUSTOM TEMPLATE OUTPUT from \u0027themes\/custom\/sub_noahs_theme\/templates\/form\/container.html.twig\u0027 --\u003E\n\n\u003C\/div\u003E\n\n\u003C!-- END CUSTOM TEMPLATE OUTPUT from \u0027themes\/custom\/sub_noahs_theme\/templates\/form\/container.html.twig\u0027 --\u003E\n\n","settings":null,"effect":"fade","speed":"slow"}]