[{"command":"insert","method":"replaceWith","selector":"#indicator-content-ajax","data":"\n\n\u003C!-- THEME DEBUG --\u003E\n\u003C!-- THEME HOOK: \u0027container\u0027 --\u003E\n\u003C!-- \ud83d\udca1 BEGIN CUSTOM TEMPLATE OUTPUT from \u0027themes\/custom\/sub_noahs_theme\/templates\/form\/container.html.twig\u0027 --\u003E\n\u003Cdiv id=\u0022indicator-content-ajax\u0022 class=\u0022daba-bank-full-main  mb-lg-0\u0022\u003E\n\n\u003C!-- THEME DEBUG --\u003E\n\u003C!-- THEME HOOK: \u0027container\u0027 --\u003E\n\u003C!-- \ud83d\udca1 BEGIN CUSTOM TEMPLATE OUTPUT from \u0027themes\/custom\/sub_noahs_theme\/templates\/form\/container.html.twig\u0027 --\u003E\n\u003Cdiv class=\u0022data-bank-indicator-title text-uppercase fs-5 fw-bold pb-2 mb-lg-0\u0022\u003E\u003Cp\u003EPrincipales resultados\u003C\/p\u003E\n\u003C\/div\u003E\n\n\u003C!-- END CUSTOM TEMPLATE OUTPUT from \u0027themes\/custom\/sub_noahs_theme\/templates\/form\/container.html.twig\u0027 --\u003E\n\n\n\n\u003C!-- THEME DEBUG --\u003E\n\u003C!-- THEME HOOK: \u0027container\u0027 --\u003E\n\u003C!-- \ud83d\udca1 BEGIN CUSTOM TEMPLATE OUTPUT from \u0027themes\/custom\/sub_noahs_theme\/templates\/form\/container.html.twig\u0027 --\u003E\n\u003Cdiv class=\u0022o-field-value mb-lg-0\u0022\u003E\u003Cul\u003E\u003Cli\u003ELas 8.141\u0026nbsp;personas beneficiarias de prestaciones econ\u00f3micas para personas con discapacidad representan un 1,8% de todos los beneficiarios de prestaciones no contributivas y tienen una cobertura muy baja (0,27\u0026nbsp;personas beneficiarias por cada mil habitantes), algo comprensible teniendo en cuenta que las dos principales partidas: el subsidio de garant\u00eda de ingresos m\u00ednimos y el subsidio por ayuda de tercera persona, ya est\u00e1n derogadas y en proceso de desaparici\u00f3n.\u003C\/li\u003E\u003Cli\u003EEl importe medio mensual total que se destina a estas ayudas supera los 586.449,77 millones de euros, lo que supone 0,02\u0026nbsp;euros mensuales por habitante y un gasto promedio de apenas 72\u0026nbsp;euros mensuales por cada persona beneficiaria, pues si bien se establecen cuant\u00edas fijas \u2013y no revisables\u2013 para cada tipo de prestaci\u00f3n como, un mismo beneficiario puede disfrutar de varias, el importe final por usuario se ve modificado.\u003C\/li\u003E\u003Cli\u003ESi analizamos la distribuci\u00f3n de estos subsidios por determinadas variables demogr\u00e1ficas, podemos observar que, en funci\u00f3n del sexo, son subsidios principalmente percibidos por mujeres (un 68,6%), sobre todo cuando se trata de los subsidios de garant\u00eda de ingresos m\u00ednimos (93%) y de ayuda por tercera persona (89,4%). Dado el momento temporal en el que se crearon y se concedieron, apenas son beneficiarios de ellos la poblaci\u00f3n joven: m\u00e1s de dos de cada tres beneficiarios tiene 70 a\u00f1os o m\u00e1s (incluso el 95,4% 80 a\u00f1os o m\u00e1s).\u003C\/li\u003E\u003Cli\u003EAtendiendo al tipo de discapacidad, en su mayor\u00eda son percibidas por personas cuya discapacidad principal es f\u00edsica (un 67,7%), en un 21,6% con discapacidades ps\u00edquicas y un 10,8% de car\u00e1cter sensorial. En cuanto a la situaci\u00f3n familiar, la mayor\u00eda de los que los perciben son dependientes de su unidad familiar, por un 41,2% independientes y un 6,6% con familia a su cargo. Esta situaci\u00f3n de dependencia familiar tiene mayor incidencia en el caso de los subsidios de garant\u00eda de ingresos m\u00ednimos y de ayuda por tercera persona, en los cuales pr\u00e1cticamente 9 de cada 10 son dependientes de su unidad familiar.\u003C\/li\u003E\u003Cli\u003ELa tasa de cobertura m\u00e1s baja de este tipo de prestaciones se registra en Navarra, Pa\u00eds Vasco y Baleares, mientras que la cobertura m\u00e1s alta se registra en Ceuta y Melilla.\u003C\/li\u003E\u003Cli\u003EComo el resto de las prestaciones de este tipo, y teniendo en cuenta su derogaci\u00f3n a partir de 1990, su n\u00famero de beneficiarios, as\u00ed como su cobertura poblacional, se ha ido reduciendo de forma notable con el tiempo, con una cobertura en 2023\u0026nbsp;de tan solo el 0,27.\u003C\/li\u003E\u003C\/ul\u003E\u003C\/div\u003E\n\n\u003C!-- END CUSTOM TEMPLATE OUTPUT from \u0027themes\/custom\/sub_noahs_theme\/templates\/form\/container.html.twig\u0027 --\u003E\n\n\u003C\/div\u003E\n\n\u003C!-- END CUSTOM TEMPLATE OUTPUT from \u0027themes\/custom\/sub_noahs_theme\/templates\/form\/container.html.twig\u0027 --\u003E\n\n","settings":null,"effect":"fade","speed":"slow"}]