[{"command":"insert","method":"replaceWith","selector":"#indicator-content-ajax","data":"\n\n\u003C!-- THEME DEBUG --\u003E\n\u003C!-- THEME HOOK: \u0027container\u0027 --\u003E\n\u003C!-- \ud83d\udca1 BEGIN CUSTOM TEMPLATE OUTPUT from \u0027themes\/custom\/sub_noahs_theme\/templates\/form\/container.html.twig\u0027 --\u003E\n\u003Cdiv id=\u0022indicator-content-ajax\u0022 class=\u0022daba-bank-full-main  mb-lg-0\u0022\u003E\n\n\u003C!-- THEME DEBUG --\u003E\n\u003C!-- THEME HOOK: \u0027container\u0027 --\u003E\n\u003C!-- \ud83d\udca1 BEGIN CUSTOM TEMPLATE OUTPUT from \u0027themes\/custom\/sub_noahs_theme\/templates\/form\/container.html.twig\u0027 --\u003E\n\u003Cdiv class=\u0022data-bank-indicator-title text-uppercase fs-5 fw-bold pb-2 mb-lg-0\u0022\u003E\u003Cp\u003EPrincipales resultados\u003C\/p\u003E\n\u003C\/div\u003E\n\n\u003C!-- END CUSTOM TEMPLATE OUTPUT from \u0027themes\/custom\/sub_noahs_theme\/templates\/form\/container.html.twig\u0027 --\u003E\n\n\n\n\u003C!-- THEME DEBUG --\u003E\n\u003C!-- THEME HOOK: \u0027container\u0027 --\u003E\n\u003C!-- \ud83d\udca1 BEGIN CUSTOM TEMPLATE OUTPUT from \u0027themes\/custom\/sub_noahs_theme\/templates\/form\/container.html.twig\u0027 --\u003E\n\u003Cdiv class=\u0022o-field-value mb-lg-0\u0022\u003E\u003Cul\u003E\u003Cli\u003ESi analizamos la distribuci\u00f3n de las prestaciones percibida\u0026nbsp;por la poblaci\u00f3n con discapacidad, en edad activa, en funci\u00f3n de si \u00e9stas se derivan o no de una incapacidad, podemos observar que un 53,6% recibe prestaciones derivadas de incapacidad, es decir 1.043.200 personas. Este indicador se ve notablemente afectado\u0026nbsp;por el cambio de metodolog\u00eda de la fuente estad\u00edstica, dado que para aumentar la precisi\u00f3n de la misma y en virtud de lo establecido en el RD 1\/2013, ya se contabilizan las personas con incapacidades como parte del conjunto de personas con discapacidad. Este efecto, ha supuesto el incremento del porcentaje de personas con prestaciones respecto a las cifras obtenidas con la metodolog\u00eda anterior.\u003C\/li\u003E\u003Cli\u003EUn 12,5% de las personas con discapacidad en edad activa perciben prestaciones no derivadas de incapacidad, sino de otras contingencias, que tambi\u00e9n puede causar derecho a su percepci\u00f3n.\u003C\/li\u003E\u003Cli\u003ELos beneficiarios de este tipo de prestaciones parecen concentrase entre los varones, personas de 45 a 64 a\u00f1os y los inactivos, mientras que por tipo de discapacidad hay un porcentaje mayor entre las personas con discapacidad psicosocial.\u003C\/li\u003E\u003Cli\u003EPor otro lado, una parte de poblaci\u00f3n no identificada como persona con discapacidad recibe, alg\u00fan tipo de prestaci\u00f3n derivada de incapacidad (un 2,8% del total de personas sin discapacidad en edad laboral).\u003C\/li\u003E\u003Cli\u003EFinalmente, en base a la nueva metodolog\u00eda podemos comparar la evoluci\u00f3n entre el a\u00f1o 2014 y 2023 en dicho periodo hay un descenso \u0026nbsp;en el n\u00famero de prestaciones de incapacidad de 2,8 puntos porcentuales, pasando de representar el 56,5% al 53,6% actual.\u003C\/li\u003E\u003C\/ul\u003E\u003C\/div\u003E\n\n\u003C!-- END CUSTOM TEMPLATE OUTPUT from \u0027themes\/custom\/sub_noahs_theme\/templates\/form\/container.html.twig\u0027 --\u003E\n\n\u003C\/div\u003E\n\n\u003C!-- END CUSTOM TEMPLATE OUTPUT from \u0027themes\/custom\/sub_noahs_theme\/templates\/form\/container.html.twig\u0027 --\u003E\n\n","settings":null,"effect":"fade","speed":"slow"}]