[{"command":"insert","method":"replaceWith","selector":"#indicator-content-ajax","data":"\n\n\u003C!-- THEME DEBUG --\u003E\n\u003C!-- THEME HOOK: \u0027container\u0027 --\u003E\n\u003C!-- \ud83d\udca1 BEGIN CUSTOM TEMPLATE OUTPUT from \u0027themes\/custom\/sub_noahs_theme\/templates\/form\/container.html.twig\u0027 --\u003E\n\u003Cdiv id=\u0022indicator-content-ajax\u0022 class=\u0022daba-bank-full-main  mb-lg-0\u0022\u003E\n\n\u003C!-- THEME DEBUG --\u003E\n\u003C!-- THEME HOOK: \u0027container\u0027 --\u003E\n\u003C!-- \ud83d\udca1 BEGIN CUSTOM TEMPLATE OUTPUT from \u0027themes\/custom\/sub_noahs_theme\/templates\/form\/container.html.twig\u0027 --\u003E\n\u003Cdiv class=\u0022data-bank-indicator-title text-uppercase fs-5 fw-bold pb-2 mb-lg-0\u0022\u003E\u003Cp\u003EDefinici\u00f3n y fuentes\u003C\/p\u003E\n\u003C\/div\u003E\n\n\u003C!-- END CUSTOM TEMPLATE OUTPUT from \u0027themes\/custom\/sub_noahs_theme\/templates\/form\/container.html.twig\u0027 --\u003E\n\n\n\n\u003C!-- THEME DEBUG --\u003E\n\u003C!-- THEME HOOK: \u0027container\u0027 --\u003E\n\u003C!-- \ud83d\udca1 BEGIN CUSTOM TEMPLATE OUTPUT from \u0027themes\/custom\/sub_noahs_theme\/templates\/form\/container.html.twig\u0027 --\u003E\n\u003Cdiv class=\u0022o-field-value mb-lg-0\u0022\u003E\u003Cp\u003EEste indicador recoge la cifra de personas con discapacidad usuarias nuevas de alg\u00fan centro ocupacional, entendido \u00e9ste como aquel establecimiento que tiene como finalidad asegurar los servicios de terapia ocupacional y de ajuste personal y social a las personas con discapacidad con el objeto de lograr su m\u00e1ximo desarrollo personal y, en los casos en los que fuera posible, facilitar su capacitaci\u00f3n y preparaci\u00f3n para el acceso al empleo. Igualmente prestar\u00e1 estos servicios a aquellos trabajadores con discapacidad que habiendo desarrollado una actividad laboral espec\u00edfica no hayan conseguido una adaptaci\u00f3n satisfactoria o hayan sufrido un empeoramiento en su situaci\u00f3n que haga aconsejable su integraci\u00f3n en un centro ocupacional (art\u00edculo 52.1 de Real Decreto Legislativo 1\/2013, de 29 de noviembre, por el que se aprueba el Texto Refundido de la Ley General de derechos de las personas con discapacidad y de su inclusi\u00f3n social).\u003C\/p\u003E\r\n\r\n\u003Cp\u003EEsta cifra se corresponde a plazas ocupacionales creadas por entidades terceras beneficiarias de ayudas econ\u00f3micas del Grupo Social ONCE dentro del programa de Centros Ocupacionales en el marco de la convocatoria anual de proyectos, en un per\u00edodo de tiempo determinado.\u003C\/p\u003E\r\n\r\n\u003Cp\u003ELa informaci\u00f3n se ha recogido directamente de los registros del Grupo Social ONCE, que son auditados anualmente por una empresa de auditor\u00eda externa.\u003C\/p\u003E\r\n\u003C\/div\u003E\n\n\u003C!-- END CUSTOM TEMPLATE OUTPUT from \u0027themes\/custom\/sub_noahs_theme\/templates\/form\/container.html.twig\u0027 --\u003E\n\n\u003C\/div\u003E\n\n\u003C!-- END CUSTOM TEMPLATE OUTPUT from \u0027themes\/custom\/sub_noahs_theme\/templates\/form\/container.html.twig\u0027 --\u003E\n\n","settings":null,"effect":"fade","speed":"slow"}]