[{"command":"insert","method":"replaceWith","selector":"#indicator-content-ajax","data":"\n\n\u003C!-- THEME DEBUG --\u003E\n\u003C!-- THEME HOOK: \u0027container\u0027 --\u003E\n\u003C!-- \ud83d\udca1 BEGIN CUSTOM TEMPLATE OUTPUT from \u0027themes\/custom\/sub_noahs_theme\/templates\/form\/container.html.twig\u0027 --\u003E\n\u003Cdiv id=\u0022indicator-content-ajax\u0022 class=\u0022daba-bank-full-main  mb-lg-0\u0022\u003E\n\n\u003C!-- THEME DEBUG --\u003E\n\u003C!-- THEME HOOK: \u0027container\u0027 --\u003E\n\u003C!-- \ud83d\udca1 BEGIN CUSTOM TEMPLATE OUTPUT from \u0027themes\/custom\/sub_noahs_theme\/templates\/form\/container.html.twig\u0027 --\u003E\n\u003Cdiv class=\u0022data-bank-indicator-title text-uppercase fs-5 fw-bold pb-2 mb-lg-0\u0022\u003E\u003Cp\u003EPrincipales resultados\u003C\/p\u003E\n\u003C\/div\u003E\n\n\u003C!-- END CUSTOM TEMPLATE OUTPUT from \u0027themes\/custom\/sub_noahs_theme\/templates\/form\/container.html.twig\u0027 --\u003E\n\n\n\n\u003C!-- THEME DEBUG --\u003E\n\u003C!-- THEME HOOK: \u0027container\u0027 --\u003E\n\u003C!-- \ud83d\udca1 BEGIN CUSTOM TEMPLATE OUTPUT from \u0027themes\/custom\/sub_noahs_theme\/templates\/form\/container.html.twig\u0027 --\u003E\n\u003Cdiv class=\u0022o-field-value mb-lg-0\u0022\u003E\u003Cul\u003E\u003Cli\u003EEn el \u00faltimo a\u00f1o, el Grupo Social ONCE ayudaron a la creaci\u00f3n de 528\u0026nbsp;plazas ocupacionales nuevas en terceras entidades, lo que supone un incremento del 29,1% respecto al pasado a\u00f1o.\u003C\/li\u003E\u003Cli\u003EAl analizar las plazas ocupacionales creadas en 2.024, en se observa que el 40,7% de estas plazas est\u00e1n ocupadas por hombres y el 59,3% restante por mujeres. Por edad, predominan las personas entre 16 a 29 a\u00f1os (un 46%), seguidas de aquellas con edades comprendidas entre los 30 y 44 a\u00f1os (28,6%).\u003C\/li\u003E\u003Cli\u003EEl 75,9% de las nuevas plazas creadas han sido ocupadas por personas con discapacidad intelectual, seguidas de la categor\u00eda \u201cotras personas con discapacidad\u201d (antes denominada discapacidad mixta) con un 8,9%.\u003C\/li\u003E\u003Cli\u003ECon respecto a la distribuci\u00f3n territorial de estas plazas ocupacionales se han creado predominantemente en Islas Baleares, Madrid y Catalu\u00f1a.\u003C\/li\u003E\u003Cli\u003EPor \u00faltimo, en cuanto a la evoluci\u00f3n en el periodo 2.013-2.024, se puede observar un notable incremento en la creaci\u00f3n de plazas ocupacionales en 2014, para descender al a\u00f1o siguiente a los niveles registrados en 2.013, manteni\u00e9ndose dicha ratio en los siguientes a\u00f1os, hasta el a\u00f1o 2.018\u0026nbsp;alcanzando el valor m\u00e1s alto de la serie analizada.\u003C\/li\u003E\u003C\/ul\u003E\u003C\/div\u003E\n\n\u003C!-- END CUSTOM TEMPLATE OUTPUT from \u0027themes\/custom\/sub_noahs_theme\/templates\/form\/container.html.twig\u0027 --\u003E\n\n\u003C\/div\u003E\n\n\u003C!-- END CUSTOM TEMPLATE OUTPUT from \u0027themes\/custom\/sub_noahs_theme\/templates\/form\/container.html.twig\u0027 --\u003E\n\n","settings":null,"effect":"fade","speed":"slow"}]