[{"command":"insert","method":"replaceWith","selector":"#indicator-content-ajax","data":"\n\n\u003C!-- THEME DEBUG --\u003E\n\u003C!-- THEME HOOK: \u0027container\u0027 --\u003E\n\u003C!-- \ud83d\udca1 BEGIN CUSTOM TEMPLATE OUTPUT from \u0027themes\/custom\/sub_noahs_theme\/templates\/form\/container.html.twig\u0027 --\u003E\n\u003Cdiv id=\u0022indicator-content-ajax\u0022 class=\u0022daba-bank-full-main  mb-lg-0\u0022\u003E\n\n\u003C!-- THEME DEBUG --\u003E\n\u003C!-- THEME HOOK: \u0027container\u0027 --\u003E\n\u003C!-- \ud83d\udca1 BEGIN CUSTOM TEMPLATE OUTPUT from \u0027themes\/custom\/sub_noahs_theme\/templates\/form\/container.html.twig\u0027 --\u003E\n\u003Cdiv class=\u0022data-bank-indicator-title text-uppercase fs-5 fw-bold pb-2 mb-lg-0\u0022\u003E\u003Cp\u003EPrincipales resultados\u003C\/p\u003E\n\u003C\/div\u003E\n\n\u003C!-- END CUSTOM TEMPLATE OUTPUT from \u0027themes\/custom\/sub_noahs_theme\/templates\/form\/container.html.twig\u0027 --\u003E\n\n\n\n\u003C!-- THEME DEBUG --\u003E\n\u003C!-- THEME HOOK: \u0027container\u0027 --\u003E\n\u003C!-- \ud83d\udca1 BEGIN CUSTOM TEMPLATE OUTPUT from \u0027themes\/custom\/sub_noahs_theme\/templates\/form\/container.html.twig\u0027 --\u003E\n\u003Cdiv class=\u0022o-field-value mb-lg-0\u0022\u003E\u003Cp\u003EEn el desarrollo de actividades remuneradas, la brecha entre personas con y sin discapacidad alcanza los 22,6 p.p. en contra de aquellas en situaci\u00f3n de discapacidad. Dado que s\u00f3lo el 27,6% de las personas con discapacidad realiza actividades remuneradas, frente al 50,2% de las personas sin discapacidad.\u003C\/p\u003E\u003Cp\u003ELa brecha m\u00e1s amplia en la participaci\u00f3n en actividades remuneradas se encuentra entre los hombres con y sin discapacidad, en ellos la brecha es de 30,4 p.p. En cuanto a las mujeres, esta diferencia es de 14,4 p.p. en estas actividades.\u003C\/p\u003E\u003Cp\u003EEntre las personas en situaci\u00f3n de discapacidad que indicaron haber trabajado al menos una hora la semana pasada, de manera remunerada y no remunerada, si se toma la posici\u00f3n ocupacional como una aproximaci\u00f3n a la calidad del empleo, la inserci\u00f3n laboral de las personas con discapacidad evidencian empleos de menor calidad: El empleo p\u00fablico es comparativamente menor y hay segregaci\u00f3n ocupacional, pues los hombres se dedican a labores agr\u00edcolas y las mujeres al trabajo dom\u00e9stico y como trabajadoras familiares sin remuneraci\u00f3n. La categor\u00eda ocupacional de trabajador\/a de finca, tierra o parcela propia en arriendo, aparcer\u00eda, usufructo o posesi\u00f3n se caracteriza por ser una ocupaci\u00f3n masculinizada, compuesta en un 89,7% por hombres. Mientras que las categor\u00edas de empleado\/a dom\u00e9stico\/a y trabajador\/a sin remuneraci\u00f3n est\u00e1n feminizadas, compuestas en un 96,8% y 67,9% por mujeres respectivamente.\u003C\/p\u003E\u003C\/div\u003E\n\n\u003C!-- END CUSTOM TEMPLATE OUTPUT from \u0027themes\/custom\/sub_noahs_theme\/templates\/form\/container.html.twig\u0027 --\u003E\n\n\u003C\/div\u003E\n\n\u003C!-- END CUSTOM TEMPLATE OUTPUT from \u0027themes\/custom\/sub_noahs_theme\/templates\/form\/container.html.twig\u0027 --\u003E\n\n","settings":null,"effect":"fade","speed":"slow"}]