[{"command":"insert","method":"replaceWith","selector":"#indicator-content-ajax","data":"\n\n\u003C!-- THEME DEBUG --\u003E\n\u003C!-- THEME HOOK: \u0027container\u0027 --\u003E\n\u003C!-- \ud83d\udca1 BEGIN CUSTOM TEMPLATE OUTPUT from \u0027themes\/custom\/sub_noahs_theme\/templates\/form\/container.html.twig\u0027 --\u003E\n\u003Cdiv id=\u0022indicator-content-ajax\u0022 class=\u0022daba-bank-full-main  mb-lg-0\u0022\u003E\n\n\u003C!-- THEME DEBUG --\u003E\n\u003C!-- THEME HOOK: \u0027container\u0027 --\u003E\n\u003C!-- \ud83d\udca1 BEGIN CUSTOM TEMPLATE OUTPUT from \u0027themes\/custom\/sub_noahs_theme\/templates\/form\/container.html.twig\u0027 --\u003E\n\u003Cdiv class=\u0022data-bank-indicator-title text-uppercase fs-5 fw-bold pb-2 mb-lg-0\u0022\u003E\u003Cp\u003EPrincipales resultados\u003C\/p\u003E\n\u003C\/div\u003E\n\n\u003C!-- END CUSTOM TEMPLATE OUTPUT from \u0027themes\/custom\/sub_noahs_theme\/templates\/form\/container.html.twig\u0027 --\u003E\n\n\n\n\u003C!-- THEME DEBUG --\u003E\n\u003C!-- THEME HOOK: \u0027container\u0027 --\u003E\n\u003C!-- \ud83d\udca1 BEGIN CUSTOM TEMPLATE OUTPUT from \u0027themes\/custom\/sub_noahs_theme\/templates\/form\/container.html.twig\u0027 --\u003E\n\u003Cdiv class=\u0022o-field-value mb-lg-0\u0022\u003E\u003Cul\u003E\u003Cli\u003ELas personas con discapacidad inactivas suman un total de 1.254.000 y representan al 64,6% del total del colectivo en edad laboral (16-64 a\u00f1os). Se trata del volumen m\u00e1s significativo que se puede encontrar entre las personas con discapacidad, muy superior, como se puede comprobar en el indicador 1.03.A a las apenas 687.500 personas con discapacidad en situaci\u00f3n activa (ocupadas y paradas) en el mercado laboral.\u003C\/li\u003E\u003Cli\u003ELas diferencias con la poblaci\u00f3n sin discapacidad son abrumadoras, a una distancia de\u0026nbsp;43,1\u0026nbsp;puntos por encima en la ratio de inactivos, dado que el porcentaje entre las personas sin discapacidad es del 21,5%.\u003C\/li\u003E\u003Cli\u003ELa inactividad es m\u00e1s intenta en varones (representan el 56,4% frente al 43,6% de ellas) y entre el grupo de edad comprendido entre los 45 a los 64 a\u00f1os (m\u00e1s de 951.700 personas). Adem\u00e1s 294.700 personas inactivas no superan los estudios primarios, sin embargo, hay tambi\u00e9n un 14,5% de personas con discapacidad inactivas con estudios superiores que por diversas razones deciden no participar en el tejido productivo del pa\u00eds.\u003C\/li\u003E\u003Cli\u003ESeg\u00fan tipo de discapacidad, son las de car\u00e1cter f\u00edsico las que acumulan mayor volumen de inactivos (el 34,2% del total), consecuencia de su mayor presencia a nivel global, sin embargo, entre las personas con discapacidad intelectual el porcentaje se eleva al 65,5% y entre personas con discapacidad psicosocial al 70,2%. Ocurre igualmente en la categor\u00eda No consta, se trata de personas con incapacidad reconocida entre ellas el 81,7% son inactivos.\u003C\/li\u003E\u003Cli\u003ELa principal raz\u00f3n se\u00f1alada de inactividad es la incapacidad para trabajar que representa el 49,2% del total de inactivos, los jubilados y las labores del hogar tambi\u00e9n acumulan un importante volumen de personas (el 30,2% y el 9,2% respectivamente). Hay que se\u00f1alar que la principal causa de inactividad entre la poblaci\u00f3n sin discapacidad es la ser estudiante (el 51,5%) esta circunstancia entre las personas con discapacidad apenas representa el 7,7%.\u003C\/li\u003E\u003Cli\u003EComo suele ocurrir, las cuatro grandes comunidades suman m\u00e1s de la mitad (57,1%) de las personas con discapacidad inactivas, Andaluc\u00eda (20,4%), Catalu\u00f1a (16,7%), Comunidad Valenciana (9,9%) y Madrid (10,1%). Sin embargo, el porcentaje\u0026nbsp;de inactivos sobre el total de personas con discapacidad m\u00e1s alto\u0026nbsp;lo\u0026nbsp;encontramos en Canarias (71,6%) y Asturias (70,6%), mientras que los porcentajes m\u00e1s bajos de inactivos se encuentran en Ceuta y Melilla y Cantabria.\u003C\/li\u003E\u003Cli\u003EDesde el punto de vista de la evoluci\u00f3n del n\u00famero de personas inactivas, hay que hacer notar que el cambio de metodolog\u00eda en la fuente de informaci\u00f3n de estos datos (\u201cEl empleo de las personas con discapacidad. INE) ha supuesto un claro incremento del volumen de inactivos desde 2014, fundamentalmente por la incorporaci\u00f3n de personas con incapacidad reconocida, que elev\u00f3 el valor en m\u00e1s de 1,3 puntos.\u003C\/li\u003E\u003Cli\u003EObservando los datos 2014-2024, aunque con algunas variaciones a lo largo de la serie,\u0026nbsp;se puede afirmar, que \u003Cstrong\u003Ela tasa de inactividad no est\u00e1 reduci\u00e9ndose\u003C\/strong\u003E. Desde entonces su descenso es de -0,6 puntos, lo que representa un crecimiento negativo del -0,9%\u003C\/li\u003E\u003C\/ul\u003E\u003C\/div\u003E\n\n\u003C!-- END CUSTOM TEMPLATE OUTPUT from \u0027themes\/custom\/sub_noahs_theme\/templates\/form\/container.html.twig\u0027 --\u003E\n\n\u003C\/div\u003E\n\n\u003C!-- END CUSTOM TEMPLATE OUTPUT from \u0027themes\/custom\/sub_noahs_theme\/templates\/form\/container.html.twig\u0027 --\u003E\n\n","settings":null,"effect":"fade","speed":"slow"}]