[{"command":"insert","method":"replaceWith","selector":"#indicator-content-ajax","data":"\n\n\u003C!-- THEME DEBUG --\u003E\n\u003C!-- THEME HOOK: \u0027container\u0027 --\u003E\n\u003C!-- \ud83d\udca1 BEGIN CUSTOM TEMPLATE OUTPUT from \u0027themes\/custom\/sub_noahs_theme\/templates\/form\/container.html.twig\u0027 --\u003E\n\u003Cdiv id=\u0022indicator-content-ajax\u0022 class=\u0022daba-bank-full-main  mb-lg-0\u0022\u003E\n\n\u003C!-- THEME DEBUG --\u003E\n\u003C!-- THEME HOOK: \u0027container\u0027 --\u003E\n\u003C!-- \ud83d\udca1 BEGIN CUSTOM TEMPLATE OUTPUT from \u0027themes\/custom\/sub_noahs_theme\/templates\/form\/container.html.twig\u0027 --\u003E\n\u003Cdiv class=\u0022data-bank-indicator-title text-uppercase fs-5 fw-bold pb-2 mb-lg-0\u0022\u003E\u003Cp\u003EPrincipales resultados\u003C\/p\u003E\n\u003C\/div\u003E\n\n\u003C!-- END CUSTOM TEMPLATE OUTPUT from \u0027themes\/custom\/sub_noahs_theme\/templates\/form\/container.html.twig\u0027 --\u003E\n\n\n\n\u003C!-- THEME DEBUG --\u003E\n\u003C!-- THEME HOOK: \u0027container\u0027 --\u003E\n\u003C!-- \ud83d\udca1 BEGIN CUSTOM TEMPLATE OUTPUT from \u0027themes\/custom\/sub_noahs_theme\/templates\/form\/container.html.twig\u0027 --\u003E\n\u003Cdiv class=\u0022o-field-value mb-lg-0\u0022\u003E\u003Cul\u003E\r\n\t\u003Cli\u003ELa relaci\u00f3n de los j\u00f3venes con discapacidad y el mercado de trabajo viene\u0026nbsp;marcada fundamentalmente por el alto porcentaje de inactividad detectado entre ellos (un 80,4%). Se trata de un hecho relativamente esperable dado que estamos hablando de una cohorte de edad a medio camino entre la formaci\u00f3n y el acceso al empleo, la circunstancia diferencial es que los j\u00f3venes sin discapacidad cuentan con 15,8 puntos porcentuales m\u00e1s en sus ratios de actividad.\u003C\/li\u003E\r\n\t\u003Cli\u003ELos j\u00f3venes con discapacidad tienen la tasa de actividad m\u00e1s baja, lo que podemos vincular a los se\u00f1alados procesos formativos m\u00e1s largos y tambi\u00e9n a su nivel m\u00e1s bajo de formaci\u00f3n. Su tasa de paro es m\u00e1s elevada, muy por encima (24,7 puntos) de la mostrada por los j\u00f3venes sin discapacidad y su tasa de empleo, apenas alcanza el 8%.\u003C\/li\u003E\r\n\t\u003Cli\u003ELa incorporaci\u00f3n al mundo laboral de los j\u00f3venes con discapacidad parece experimentar fluctuaciones, aunque la tendencia es claramente a la baja, 8,2 puntos menos desde 2014. En el \u00faltimo ejercicio se mantiene dicha t\u00f3nica, la p\u00e9rdida en la tasa de actividad de los j\u00f3venes es de un 1% respecto al a\u00f1o anterior, lo mismo que ocurre con la tasa de empleo 0,9 puntos menos.\u003C\/li\u003E\r\n\t\u003Cli\u003ELa tasa de paro si ha experimentado un claro descenso a lo largo de los a\u00f1os 3,8 puntos desde 2014, aunque lo cierto es que sigue a niveles muy elevados.\u003C\/li\u003E\r\n\u003C\/ul\u003E\r\n\u003C\/div\u003E\n\n\u003C!-- END CUSTOM TEMPLATE OUTPUT from \u0027themes\/custom\/sub_noahs_theme\/templates\/form\/container.html.twig\u0027 --\u003E\n\n\u003C\/div\u003E\n\n\u003C!-- END CUSTOM TEMPLATE OUTPUT from \u0027themes\/custom\/sub_noahs_theme\/templates\/form\/container.html.twig\u0027 --\u003E\n\n","settings":null,"effect":"fade","speed":"slow"}]