[{"command":"insert","method":"replaceWith","selector":"#indicator-content-ajax","data":"\n\n\u003C!-- THEME DEBUG --\u003E\n\u003C!-- THEME HOOK: \u0027container\u0027 --\u003E\n\u003C!-- \ud83d\udca1 BEGIN CUSTOM TEMPLATE OUTPUT from \u0027themes\/custom\/sub_noahs_theme\/templates\/form\/container.html.twig\u0027 --\u003E\n\u003Cdiv id=\u0022indicator-content-ajax\u0022 class=\u0022daba-bank-full-main  mb-lg-0\u0022\u003E\n\n\u003C!-- THEME DEBUG --\u003E\n\u003C!-- THEME HOOK: \u0027container\u0027 --\u003E\n\u003C!-- \ud83d\udca1 BEGIN CUSTOM TEMPLATE OUTPUT from \u0027themes\/custom\/sub_noahs_theme\/templates\/form\/container.html.twig\u0027 --\u003E\n\u003Cdiv class=\u0022data-bank-indicator-title text-uppercase fs-5 fw-bold pb-2 mb-lg-0\u0022\u003E\u003Cp\u003EPrincipales resultados\u003C\/p\u003E\n\u003C\/div\u003E\n\n\u003C!-- END CUSTOM TEMPLATE OUTPUT from \u0027themes\/custom\/sub_noahs_theme\/templates\/form\/container.html.twig\u0027 --\u003E\n\n\n\n\u003C!-- THEME DEBUG --\u003E\n\u003C!-- THEME HOOK: \u0027container\u0027 --\u003E\n\u003C!-- \ud83d\udca1 BEGIN CUSTOM TEMPLATE OUTPUT from \u0027themes\/custom\/sub_noahs_theme\/templates\/form\/container.html.twig\u0027 --\u003E\n\u003Cdiv class=\u0022o-field-value mb-lg-0\u0022\u003E\u003Cul\u003E\u003Cli\u003E\u003Cspan\u003EDe acuerdo a las informaciones proporcionadas por la ENHOGAR 2021, la tasa de empleo de la poblaci\u00f3n con discapacidad mayor de 15 a\u00f1os es del 47.6%, siendo el 57.5% la tasa de empleo de los hombres con discapacidad y 40.3% la de las mujeres con discapacidad.\u003C\/span\u003E\u003C\/li\u003E\u003Cli\u003E\u003Cspan\u003EDentro de los diferentes grupos de edades, las tasas de empleo m\u00e1s elevadas son las de las personas con discapacidad de 30 a 44 a\u00f1os (75.3%) y de 45 a 59 a\u00f1os (64.6%). No existe diferencia significativa entre las personas que viven en la zonas urbanas o rurales, contrario a lo que ocurre entre las personas con discapacidad de leve a moderada cuya tasa de empleo es 56.2% y las personas con discapacidad severa, con una tasa de empleo del 29.0%.\u003C\/span\u003E\u003C\/li\u003E\u003Cli\u003E\u003Cspan\u003ESaman\u00e1 con el 59.3%, La Altagracia con el 57.2% y Monte Plata con el 54.0% son las provincias que cuentan con las mayores tasas de empleo de personas con discapacidad de 15 a\u00f1os o m\u00e1s, mientras que Espaillat (33.9%), Monte Cristi (36.9%) y Bahoruco (38.3%) son las provincias con menor proporci\u00f3n de personas con discapacidad mayores de 15 a\u00f1os ocupadas.\u003C\/span\u003E\u003C\/li\u003E\u003C\/ul\u003E\u003Cp\u003E\u0026nbsp;\u003C\/p\u003E\u003Cp\u003E\u0026nbsp;\u003C\/p\u003E\u003C\/div\u003E\n\n\u003C!-- END CUSTOM TEMPLATE OUTPUT from \u0027themes\/custom\/sub_noahs_theme\/templates\/form\/container.html.twig\u0027 --\u003E\n\n\u003C\/div\u003E\n\n\u003C!-- END CUSTOM TEMPLATE OUTPUT from \u0027themes\/custom\/sub_noahs_theme\/templates\/form\/container.html.twig\u0027 --\u003E\n\n","settings":null,"effect":"fade","speed":"slow"}]