[{"command":"insert","method":"replaceWith","selector":"#indicator-content-ajax","data":"\n\n\u003C!-- THEME DEBUG --\u003E\n\u003C!-- THEME HOOK: \u0027container\u0027 --\u003E\n\u003C!-- \ud83d\udca1 BEGIN CUSTOM TEMPLATE OUTPUT from \u0027themes\/custom\/sub_noahs_theme\/templates\/form\/container.html.twig\u0027 --\u003E\n\u003Cdiv id=\u0022indicator-content-ajax\u0022 class=\u0022daba-bank-full-main  mb-lg-0\u0022\u003E\n\n\u003C!-- THEME DEBUG --\u003E\n\u003C!-- THEME HOOK: \u0027container\u0027 --\u003E\n\u003C!-- \ud83d\udca1 BEGIN CUSTOM TEMPLATE OUTPUT from \u0027themes\/custom\/sub_noahs_theme\/templates\/form\/container.html.twig\u0027 --\u003E\n\u003Cdiv class=\u0022data-bank-indicator-title text-uppercase fs-5 fw-bold pb-2 mb-lg-0\u0022\u003E\u003Cp\u003EDefinici\u00f3n y fuentes\u003C\/p\u003E\n\u003C\/div\u003E\n\n\u003C!-- END CUSTOM TEMPLATE OUTPUT from \u0027themes\/custom\/sub_noahs_theme\/templates\/form\/container.html.twig\u0027 --\u003E\n\n\n\n\u003C!-- THEME DEBUG --\u003E\n\u003C!-- THEME HOOK: \u0027container\u0027 --\u003E\n\u003C!-- \ud83d\udca1 BEGIN CUSTOM TEMPLATE OUTPUT from \u0027themes\/custom\/sub_noahs_theme\/templates\/form\/container.html.twig\u0027 --\u003E\n\u003Cdiv class=\u0022o-field-value mb-lg-0\u0022\u003E\u003Cp\u003EEn este apartado se busca ofrecer una panor\u00e1mica general de las contrataciones a j\u00f3venes\u0026nbsp;con discapacidad en nuestro pa\u00eds.\u003C\/p\u003E\r\n\r\n\u003Cp\u003EComo fuentes principales se ha utilizado:\u003C\/p\u003E\r\n\r\n\u003Cul\u003E\r\n\t\u003Cli\u003E\u003Ca href=\u0022http:\/\/www.sepe.es\/indiceObservatorio\/buscar.do?indice=1\u0026amp;tipo=2\u0026amp;periodo=anual\u0026amp;ambito=Nacional\u0026amp;tema=03\u0026amp;idioma=es\u0022\u003EInforme Anual del Mercado de Trabajo de las Personas con Discapacidad\u003C\/a\u003E,\u0026nbsp;del Servicio P\u00fablico de Empleo Estatal (SEPE). La base de los datos del Servicio P\u00fablico de Empleo Estatal est\u00e1n tomados a 31 de diciembre de 2020, o bien a \u00faltimo d\u00eda de cada mes objeto de estudio.\u003C\/li\u003E\r\n\t\u003Cli\u003E\u003Ca href=\u0022http:\/\/www.ine.es\/dyngs\/INEbase\/es\/operacion.htm?c=Estadistica_C\u0026amp;cid=1254736176911\u0026amp;menu=ultiDatos\u0026amp;idp=1254735976596\u0022\u003EEl salario de las personas con discapacidad\u003C\/a\u003E, del Instituto Nacional de Estad\u00edstica. Esta encuesta utiliza la informaci\u00f3n derivada de una integraci\u00f3n de los datos estad\u00edsticos proporcionados por la\u0026nbsp;Encuesta de Estructura Salarial\u0026nbsp;(EES), de car\u00e1cter cuatrienal, con los datos administrativos de la\u0026nbsp;Base de Datos Estatal de Personas con Discapacidad\u0026nbsp;(BEPD), a los que se a\u00f1aden adem\u00e1s los facilitados por la Tesorer\u00eda General de la Seguridad Social sobre fomento de empleo. Desde el a\u00f1o 2013,\u0026nbsp;El Salario de la personas con discapacidad\u0026nbsp;integra los datos de la BEPD y la\u0026nbsp;Encuesta Anual de Estructura Salarial\u0026nbsp;(desarrollada en los a\u00f1os en que no se realiza la EES), la cual proporciona estimaciones. Para aquellas variables de cruce de las que no se tengan datos de 2017\u0026nbsp;se muestran los de 2014, fecha de la \u00faltima Encuesta de Estructura Salarial (EES).\u003C\/li\u003E\r\n\u003C\/ul\u003E\r\n\u003C\/div\u003E\n\n\u003C!-- END CUSTOM TEMPLATE OUTPUT from \u0027themes\/custom\/sub_noahs_theme\/templates\/form\/container.html.twig\u0027 --\u003E\n\n\u003C\/div\u003E\n\n\u003C!-- END CUSTOM TEMPLATE OUTPUT from \u0027themes\/custom\/sub_noahs_theme\/templates\/form\/container.html.twig\u0027 --\u003E\n\n","settings":null,"effect":"fade","speed":"slow"}]