[{"command":"insert","method":"replaceWith","selector":"#indicator-content-ajax","data":"\n\n\u003C!-- THEME DEBUG --\u003E\n\u003C!-- THEME HOOK: \u0027container\u0027 --\u003E\n\u003C!-- \ud83d\udca1 BEGIN CUSTOM TEMPLATE OUTPUT from \u0027themes\/custom\/sub_noahs_theme\/templates\/form\/container.html.twig\u0027 --\u003E\n\u003Cdiv id=\u0022indicator-content-ajax\u0022 class=\u0022daba-bank-full-main  mb-lg-0\u0022\u003E\n\n\u003C!-- THEME DEBUG --\u003E\n\u003C!-- THEME HOOK: \u0027container\u0027 --\u003E\n\u003C!-- \ud83d\udca1 BEGIN CUSTOM TEMPLATE OUTPUT from \u0027themes\/custom\/sub_noahs_theme\/templates\/form\/container.html.twig\u0027 --\u003E\n\u003Cdiv class=\u0022data-bank-indicator-title text-uppercase fs-5 fw-bold pb-2 mb-lg-0\u0022\u003E\u003Cp\u003EPrincipales resultados\u003C\/p\u003E\n\u003C\/div\u003E\n\n\u003C!-- END CUSTOM TEMPLATE OUTPUT from \u0027themes\/custom\/sub_noahs_theme\/templates\/form\/container.html.twig\u0027 --\u003E\n\n\n\n\u003C!-- THEME DEBUG --\u003E\n\u003C!-- THEME HOOK: \u0027container\u0027 --\u003E\n\u003C!-- \ud83d\udca1 BEGIN CUSTOM TEMPLATE OUTPUT from \u0027themes\/custom\/sub_noahs_theme\/templates\/form\/container.html.twig\u0027 --\u003E\n\u003Cdiv class=\u0022o-field-value mb-lg-0\u0022\u003E\u003Cul\u003E\u003Cli\u003E\u003Cspan\u003EDe acuerdo a los datos disponibles de la ENHOGAR 2021, el 46.8% de las personas con discapacidad ocupada es un\/a asalariado\/a, mientras que el 38.7% entra en la categor\u00eda no profesional que trabaja por cuenta propia.\u003C\/span\u003E\u003C\/li\u003E\u003Cli\u003E\u003Cspan\u003ELos-as trabajadores-as dom\u00e9sticos-as son el 5.7%, el 4.9% es empleador-a, mientras que el 2.2% es profesional que trabaja por cuenta propia. Las personas que trabajan de forma no remunerada son el 1.2%.\u003C\/span\u003E\u003C\/li\u003E\u003Cli\u003E\u003Cspan\u003EEn las categor\u00edas de ocupaci\u00f3n de asalariado, profesional por cuenta propia, trabajador no remunerado, no existe gran diferencia entre los porcentajes de hombres y mujeres con discapacidad, a diferencia de la categor\u00eda de trabajo dom\u00e9stico que ocupa el 11.1% de las mujeres y el 0.6% de los hombres, y la categor\u00eda no profesional por cuenta propia que ocupa el 43.7% de los hombres y el 33.4% de las mujeres con discapacidad.\u003C\/span\u003E\u003C\/li\u003E\u003Cli\u003E\u003Cspan\u003ELas principales categor\u00edas de ocupaci\u00f3n de las personas con discapacidad de leve a moderada son asalariadas-a (49.2%) y no profesional por cuenta propia (36.7%), mientras que se invierte el orden en las personas con discapacidad severa que son principalmente no profesionales por cuenta propia (46.9%) y asalariados-as (36.6%).\u003C\/span\u003E\u003C\/li\u003E\u003Cli\u003E\u003Cspan\u003EEn la zona urbana las personas con discapacidad son principalmente asalariadas (49.4%), mientras que en la zona rural crece el porcentaje de no profesionales por cuenta propia (49.1%).\u003C\/span\u003E\u003C\/li\u003E\u003C\/ul\u003E\u003C\/div\u003E\n\n\u003C!-- END CUSTOM TEMPLATE OUTPUT from \u0027themes\/custom\/sub_noahs_theme\/templates\/form\/container.html.twig\u0027 --\u003E\n\n\u003C\/div\u003E\n\n\u003C!-- END CUSTOM TEMPLATE OUTPUT from \u0027themes\/custom\/sub_noahs_theme\/templates\/form\/container.html.twig\u0027 --\u003E\n\n","settings":null,"effect":"fade","speed":"slow"}]