[{"command":"insert","method":"replaceWith","selector":"#indicator-content-ajax","data":"\n\n\u003C!-- THEME DEBUG --\u003E\n\u003C!-- THEME HOOK: \u0027container\u0027 --\u003E\n\u003C!-- \ud83d\udca1 BEGIN CUSTOM TEMPLATE OUTPUT from \u0027themes\/custom\/sub_noahs_theme\/templates\/form\/container.html.twig\u0027 --\u003E\n\u003Cdiv id=\u0022indicator-content-ajax\u0022 class=\u0022daba-bank-full-main  mb-lg-0\u0022\u003E\n\n\u003C!-- THEME DEBUG --\u003E\n\u003C!-- THEME HOOK: \u0027container\u0027 --\u003E\n\u003C!-- \ud83d\udca1 BEGIN CUSTOM TEMPLATE OUTPUT from \u0027themes\/custom\/sub_noahs_theme\/templates\/form\/container.html.twig\u0027 --\u003E\n\u003Cdiv class=\u0022data-bank-indicator-title text-uppercase fs-5 fw-bold pb-2 mb-lg-0\u0022\u003E\u003Cp\u003EPrincipales resultados\u003C\/p\u003E\n\u003C\/div\u003E\n\n\u003C!-- END CUSTOM TEMPLATE OUTPUT from \u0027themes\/custom\/sub_noahs_theme\/templates\/form\/container.html.twig\u0027 --\u003E\n\n\n\n\u003C!-- THEME DEBUG --\u003E\n\u003C!-- THEME HOOK: \u0027container\u0027 --\u003E\n\u003C!-- \ud83d\udca1 BEGIN CUSTOM TEMPLATE OUTPUT from \u0027themes\/custom\/sub_noahs_theme\/templates\/form\/container.html.twig\u0027 --\u003E\n\u003Cdiv class=\u0022o-field-value mb-lg-0\u0022\u003E\u003Cul\u003E\u003Cli class=\u0022text-align-justify\u0022\u003E\u003Cspan\u003EDe acuerdo a los datos de la ENHOGAR 2021, la proporci\u00f3n de poblaci\u00f3n con discapacidad entre 15 y 24 a\u00f1os que ni estudia ni trabaja es del 26.3%, la proporci\u00f3n de hombres (20.1%) es bastante inferior a las de las mujeres con discapacidad (30.5%).\u003C\/span\u003E\u003C\/li\u003E\u003Cli class=\u0022text-align-justify\u0022\u003E\u003Cspan\u003ELas mayores proporciones de j\u00f3venes con discapacidad que ni estudian ni trabajan se encuentran en aquellos que tienen dificultad para comunicarse (49.2%) y para el autocuidado (45.0%). El grado de discapacidad tambi\u00e9n incide sobre la proporci\u00f3n de j\u00f3venes que ni estudian ni trabajan, siendo el 45.7% de aquellos que tienen discapacidad severa y el 20.0% de los j\u00f3venes con discapacidad de leve a moderada.\u003C\/span\u003E\u003C\/li\u003E\u003Cli class=\u0022text-align-justify\u0022\u003E\u003Cspan\u003ESe observa cierta diferencia de la proporci\u00f3n de j\u00f3venes que ni estudian, ni trabajan entre los que residen en la zona rural (24.8%) y la zona urbana (34.1%)\u003C\/span\u003E\u003C\/li\u003E\u003Cli class=\u0022text-align-justify\u0022\u003E\u003Cspan\u003ELas provincias con las mayores proporciones de j\u00f3venes de 15 a 24 a\u00f1os que ni estudian ni trabajan son Peravia con el 48.7%, Santiago Rodr\u00edguez con el 47.1% y San Pedro de Macor\u00eds con el 42.5%.\u003C\/span\u003E\u003C\/li\u003E\u003C\/ul\u003E\u003C\/div\u003E\n\n\u003C!-- END CUSTOM TEMPLATE OUTPUT from \u0027themes\/custom\/sub_noahs_theme\/templates\/form\/container.html.twig\u0027 --\u003E\n\n\u003C\/div\u003E\n\n\u003C!-- END CUSTOM TEMPLATE OUTPUT from \u0027themes\/custom\/sub_noahs_theme\/templates\/form\/container.html.twig\u0027 --\u003E\n\n","settings":null,"effect":"fade","speed":"slow"}]