[{"command":"insert","method":"replaceWith","selector":"#indicator-content-ajax","data":"\n\n\u003C!-- THEME DEBUG --\u003E\n\u003C!-- THEME HOOK: \u0027container\u0027 --\u003E\n\u003C!-- \ud83d\udca1 BEGIN CUSTOM TEMPLATE OUTPUT from \u0027themes\/custom\/sub_noahs_theme\/templates\/form\/container.html.twig\u0027 --\u003E\n\u003Cdiv id=\u0022indicator-content-ajax\u0022 class=\u0022daba-bank-full-main  mb-lg-0\u0022\u003E\n\n\u003C!-- THEME DEBUG --\u003E\n\u003C!-- THEME HOOK: \u0027container\u0027 --\u003E\n\u003C!-- \ud83d\udca1 BEGIN CUSTOM TEMPLATE OUTPUT from \u0027themes\/custom\/sub_noahs_theme\/templates\/form\/container.html.twig\u0027 --\u003E\n\u003Cdiv class=\u0022data-bank-indicator-title text-uppercase fs-5 fw-bold pb-2 mb-lg-0\u0022\u003E\u003Cp\u003EPrincipales resultados\u003C\/p\u003E\n\u003C\/div\u003E\n\n\u003C!-- END CUSTOM TEMPLATE OUTPUT from \u0027themes\/custom\/sub_noahs_theme\/templates\/form\/container.html.twig\u0027 --\u003E\n\n\n\n\u003C!-- THEME DEBUG --\u003E\n\u003C!-- THEME HOOK: \u0027container\u0027 --\u003E\n\u003C!-- \ud83d\udca1 BEGIN CUSTOM TEMPLATE OUTPUT from \u0027themes\/custom\/sub_noahs_theme\/templates\/form\/container.html.twig\u0027 --\u003E\n\u003Cdiv class=\u0022o-field-value mb-lg-0\u0022\u003E\u003Cul\u003E\u003Cli class=\u0022text-align-justify\u0022\u003E\u003Cspan\u003EDe acuerdo a los datos disponibles en la ENHOGAR 2021, entre las dificultades m\u00e1s comunes que origina la discapacidad se encuentran la dificultad para ver (58.9%)\u0026nbsp; y la dificultad para desplazarse ( 40.2%)\u0026nbsp; tiene dificultad para desplazarse. Siguen la dificultad para recordar\/concentrarse (28.9%) y la dificultad para o\u00edr. Cabe destacar que m\u00e1s de una dificultad puede manifestarse en la misma persona con discapacidad.\u003C\/span\u003E\u003C\/li\u003E\u003Cli class=\u0022text-align-justify\u0022\u003E\u003Cspan\u003ELas personas con discapacidad de 75 a\u00f1os y m\u00e1s\u0026nbsp; son las que, con mayor frecuencia tienen dificultad para o\u00edr, recordar\/concentrarse (25%) y realizar el autocuidado (38.7%). Con relaci\u00f3n a la dificultad para ver, personas de 45 a 59 a\u00f1os tienen la mayor frecuencia con el 26.7%. La frecuencia de la dificultad para comunicarse es bastante parecida en los diferentes grupos etarios (alrededor del 14%) con excepci\u00f3n de las personas de 75 a\u00f1os, entre las cuales alcanza el 25%. Las personas de 60 a 74 a\u00f1os son las que muestran con mayor frecuencia dificultad para desplazarse (29.2%).\u003C\/span\u003E\u003C\/li\u003E\u003Cli class=\u0022text-align-justify\u0022\u003E\u003Cspan\u003ELa incidencia de la discapacidad severa se da mayormente cuando el origen de las personas tienen dificultad para comunicarse (63.7%) y el autocuidado (70.8%).\u003C\/span\u003E\u003C\/li\u003E\u003C\/ul\u003E\u003C\/div\u003E\n\n\u003C!-- END CUSTOM TEMPLATE OUTPUT from \u0027themes\/custom\/sub_noahs_theme\/templates\/form\/container.html.twig\u0027 --\u003E\n\n\u003C\/div\u003E\n\n\u003C!-- END CUSTOM TEMPLATE OUTPUT from \u0027themes\/custom\/sub_noahs_theme\/templates\/form\/container.html.twig\u0027 --\u003E\n\n","settings":null,"effect":"fade","speed":"slow"}]