[{"command":"insert","method":"replaceWith","selector":"#indicator-content-ajax","data":"\n\n\u003C!-- THEME DEBUG --\u003E\n\u003C!-- THEME HOOK: \u0027container\u0027 --\u003E\n\u003C!-- \ud83d\udca1 BEGIN CUSTOM TEMPLATE OUTPUT from \u0027themes\/custom\/sub_noahs_theme\/templates\/form\/container.html.twig\u0027 --\u003E\n\u003Cdiv id=\u0022indicator-content-ajax\u0022 class=\u0022daba-bank-full-main  mb-lg-0\u0022\u003E\n\n\u003C!-- THEME DEBUG --\u003E\n\u003C!-- THEME HOOK: \u0027container\u0027 --\u003E\n\u003C!-- \ud83d\udca1 BEGIN CUSTOM TEMPLATE OUTPUT from \u0027themes\/custom\/sub_noahs_theme\/templates\/form\/container.html.twig\u0027 --\u003E\n\u003Cdiv class=\u0022data-bank-indicator-title text-uppercase fs-5 fw-bold pb-2 mb-lg-0\u0022\u003E\u003Cp\u003EDefinici\u00f3n y fuentes\u003C\/p\u003E\n\u003C\/div\u003E\n\n\u003C!-- END CUSTOM TEMPLATE OUTPUT from \u0027themes\/custom\/sub_noahs_theme\/templates\/form\/container.html.twig\u0027 --\u003E\n\n\n\n\u003C!-- THEME DEBUG --\u003E\n\u003C!-- THEME HOOK: \u0027container\u0027 --\u003E\n\u003C!-- \ud83d\udca1 BEGIN CUSTOM TEMPLATE OUTPUT from \u0027themes\/custom\/sub_noahs_theme\/templates\/form\/container.html.twig\u0027 --\u003E\n\u003Cdiv class=\u0022o-field-value mb-lg-0\u0022\u003E\u003Ch2\u003E\u0026nbsp;\u003C\/h2\u003E\r\n\r\n\u003Ch2 class=\u0022text-align-justify\u0022\u003E\u003Cspan\u003E\u003Cspan\u003E\u003Cspan\u003E\u003Cspan\u003E\u003Cspan\u003E\u003Cspan\u003EDefinici\u00f3n\u003C\/span\u003E\u003C\/span\u003E\u003C\/span\u003E\u003C\/span\u003E\u003C\/span\u003E\u003C\/span\u003E\u003C\/h2\u003E\r\n\r\n\u003Cp class=\u0022text-align-justify\u0022\u003E\u003Cspan\u003E\u003Cspan\u003E\u003Cspan\u003E\u003Cspan\u003E\u003Cspan\u003E\u003Cspan\u003EEste indicador representa el recuento de poblaci\u00f3n con discapacidad\u0026nbsp; de 5 a\u00f1os y m\u00e1s seg\u00fan grupo socioecon\u00f3mico.\u003C\/span\u003E\u003C\/span\u003E\u003C\/span\u003E\u003C\/span\u003E\u003C\/span\u003E\u003C\/span\u003E\u003C\/p\u003E\r\n\r\n\u003Cp class=\u0022text-align-justify\u0022\u003E\u003Cspan\u003E\u003Cspan\u003E\u003Cspan\u003E\u003Cspan\u003E\u003Cspan\u003E\u003Cspan\u003EEl Grupo socioecon\u00f3mico (GSE) es un \u00edndice desarrollado por la Oficina Nacional de Estad\u00edstica (ONE) de la Rep\u00fablica Dominicana e incorporado como una variable derivada est\u00e1ndar en todas sus operaciones estad\u00edsticas sobre poblaci\u00f3n. Es\u0026nbsp; construido a partir de la presencia de una serie de variables agrupadas en aspectos como bienes durables en el hogar, calidad de la vivienda, grado de salubridad de \u00e9sta y nivel de escolaridad del jefe\/a de hogar.\u003C\/span\u003E\u003C\/span\u003E\u003C\/span\u003E\u003C\/span\u003E\u003C\/span\u003E\u003C\/span\u003E\u003C\/p\u003E\r\n\r\n\u003Cp class=\u0022text-align-justify\u0022\u003E\u003Cspan\u003E\u003Cspan\u003E\u003Cspan\u003E\u003Cspan\u003E\u003Cspan\u003E\u003Cspan\u003ELa medici\u00f3n de discapacidad en la Encuesta ENHOGAR se realiz\u00f3 utilizando el set corto de preguntas del Grupo de Washington (The Washington Group on disability statistics) que identifica las dificultades en seis dominios: ver incluso usando lentes, o\u00edr incluso usando un aud\u00edfono, caminar o subir escalones, recordar o concentrarse, dificultad para realizar tareas de\u0026nbsp; autocuidado, dificultad para comunicarse; con escalas de severidad:\u003C\/span\u003E\u003C\/span\u003E\u003C\/span\u003E\u003C\/span\u003E\u003C\/span\u003E\u003C\/span\u003E\u003C\/p\u003E\r\n\r\n\u003Cul\u003E\r\n\t\u003Cli aria-level=\u00221\u0022 class=\u0022text-align-justify\u0022\u003E\u003Cspan\u003E\u003Cspan\u003E\u003Cspan\u003E\u003Cspan\u003E\u003Cspan\u003E\u003Cspan\u003ENivel 4: No puede hacerlo;\u0026nbsp;\u003C\/span\u003E\u003C\/span\u003E\u003C\/span\u003E\u003C\/span\u003E\u003C\/span\u003E\u003C\/span\u003E\u003C\/li\u003E\r\n\t\u003Cli aria-level=\u00221\u0022 class=\u0022text-align-justify\u0022\u003E\u003Cspan\u003E\u003Cspan\u003E\u003Cspan\u003E\u003Cspan\u003E\u003Cspan\u003E\u003Cspan\u003ENivel 3: Si, con mucha dificultad;\u0026nbsp;\u003C\/span\u003E\u003C\/span\u003E\u003C\/span\u003E\u003C\/span\u003E\u003C\/span\u003E\u003C\/span\u003E\u003C\/li\u003E\r\n\t\u003Cli aria-level=\u00221\u0022 class=\u0022text-align-justify\u0022\u003E\u003Cspan\u003E\u003Cspan\u003E\u003Cspan\u003E\u003Cspan\u003E\u003Cspan\u003E\u003Cspan\u003ENivel 2: si, con alguna dificultad;\u003C\/span\u003E\u003C\/span\u003E\u003C\/span\u003E\u003C\/span\u003E\u003C\/span\u003E\u003C\/span\u003E\u003C\/li\u003E\r\n\t\u003Cli aria-level=\u00221\u0022 class=\u0022text-align-justify\u0022\u003E\u003Cspan\u003E\u003Cspan\u003E\u003Cspan\u003E\u003Cspan\u003E\u003Cspan\u003E\u003Cspan\u003ENivel 1: sin ninguna dificultad.\u0026nbsp;\u003C\/span\u003E\u003C\/span\u003E\u003C\/span\u003E\u003C\/span\u003E\u003C\/span\u003E\u003C\/span\u003E\u003C\/li\u003E\r\n\u003C\/ul\u003E\r\n\r\n\u003Cp class=\u0022text-align-justify\u0022\u003E\u003Cspan\u003E\u003Cspan\u003E\u003Cspan\u003E\u003Cspan\u003E\u003Cspan\u003E\u003Cspan\u003ESe consideran personas con discapacidad todas aquellas que hayan contestado tener alguna dificultad (Nivel 2) en uno o m\u00e1s dominios, a partir de los 5 a\u00f1os de edad.\u003C\/span\u003E\u003C\/span\u003E\u003C\/span\u003E\u003C\/span\u003E\u003C\/span\u003E\u003C\/span\u003E\u003C\/p\u003E\r\n\r\n\u003Cp class=\u0022text-align-justify\u0022\u003E\u0026nbsp;\u003C\/p\u003E\r\n\r\n\u003Ch2 class=\u0022text-align-justify\u0022\u003E\u003Cspan\u003E\u003Cspan\u003E\u003Cspan\u003E\u003Cspan\u003E\u003Cspan\u003E\u003Cspan\u003EFuente\u003C\/span\u003E\u003C\/span\u003E\u003C\/span\u003E\u003C\/span\u003E\u003C\/span\u003E\u003C\/span\u003E\u003C\/h2\u003E\r\n\r\n\u003Cp class=\u0022text-align-justify\u0022\u003E\u003Cspan\u003E\u003Cspan\u003E\u003Cspan\u003E\u003Cspan\u003E\u003Cspan\u003E\u003Cspan\u003EEncuesta de Hogares de Prop\u00f3sitos M\u00faltiples (ENHOGAR) 2021\u003C\/span\u003E\u003C\/span\u003E\u003C\/span\u003E\u003C\/span\u003E\u003C\/span\u003E\u003C\/span\u003E\u003C\/p\u003E\r\n\r\n\u003Cp class=\u0022text-align-justify\u0022\u003E\u003Cspan\u003E\u003Cspan\u003E\u003Cspan\u003E\u003Cspan\u003E\u003Cspan\u003E\u003Cspan\u003EOficina Nacional de Estad\u00edstica\u003C\/span\u003E\u003C\/span\u003E\u003C\/span\u003E\u003C\/span\u003E\u003C\/span\u003E\u003C\/span\u003E\u003C\/p\u003E\r\n\r\n\u003Cp class=\u0022text-align-justify\u0022\u003E\u003Cspan\u003E\u003Cspan\u003E\u003Cspan\u003E\u003Cspan\u003E\u003Cspan\u003E\u003Cspan\u003ERep\u00fablica Dominicana\u003C\/span\u003E\u003C\/span\u003E\u003C\/span\u003E\u003C\/span\u003E\u003C\/span\u003E\u003C\/span\u003E\u003C\/p\u003E\r\n\r\n\u003Cp\u003E\u0026nbsp;\u003C\/p\u003E\r\n\u003C\/div\u003E\n\n\u003C!-- END CUSTOM TEMPLATE OUTPUT from \u0027themes\/custom\/sub_noahs_theme\/templates\/form\/container.html.twig\u0027 --\u003E\n\n\u003C\/div\u003E\n\n\u003C!-- END CUSTOM TEMPLATE OUTPUT from \u0027themes\/custom\/sub_noahs_theme\/templates\/form\/container.html.twig\u0027 --\u003E\n\n","settings":null,"effect":"fade","speed":"slow"}]