[{"command":"insert","method":"replaceWith","selector":"#indicator-content-ajax","data":"\n\n\u003C!-- THEME DEBUG --\u003E\n\u003C!-- THEME HOOK: \u0027container\u0027 --\u003E\n\u003C!-- \ud83d\udca1 BEGIN CUSTOM TEMPLATE OUTPUT from \u0027themes\/custom\/sub_noahs_theme\/templates\/form\/container.html.twig\u0027 --\u003E\n\u003Cdiv id=\u0022indicator-content-ajax\u0022 class=\u0022daba-bank-full-main  mb-lg-0\u0022\u003E\n\n\u003C!-- THEME DEBUG --\u003E\n\u003C!-- THEME HOOK: \u0027container\u0027 --\u003E\n\u003C!-- \ud83d\udca1 BEGIN CUSTOM TEMPLATE OUTPUT from \u0027themes\/custom\/sub_noahs_theme\/templates\/form\/container.html.twig\u0027 --\u003E\n\u003Cdiv class=\u0022data-bank-indicator-title text-uppercase fs-5 fw-bold pb-2 mb-lg-0\u0022\u003E\u003Cp\u003EPrincipales resultados\u003C\/p\u003E\n\u003C\/div\u003E\n\n\u003C!-- END CUSTOM TEMPLATE OUTPUT from \u0027themes\/custom\/sub_noahs_theme\/templates\/form\/container.html.twig\u0027 --\u003E\n\n\n\n\u003C!-- THEME DEBUG --\u003E\n\u003C!-- THEME HOOK: \u0027container\u0027 --\u003E\n\u003C!-- \ud83d\udca1 BEGIN CUSTOM TEMPLATE OUTPUT from \u0027themes\/custom\/sub_noahs_theme\/templates\/form\/container.html.twig\u0027 --\u003E\n\u003Cdiv class=\u0022o-field-value mb-lg-0\u0022\u003E\u003Cul\u003E\u003Cli class=\u0022text-align-justify\u0022\u003E\u003Cspan\u003EDe acuerdo a los resultados del ENHOGAR 2021, el 32.3% de las personas con discapacidad mayores de 5 a\u00f1os pertenece al grupo econ\u00f3mico medio y medio alto, el 25.9% al medio bajo, el 19.3% al bajo, el 13.1% al muy bajo y el 9.4%\u0026nbsp; pertenece al grupo econ\u00f3mico alto.\u003C\/span\u003E\u003C\/li\u003E\u003Cli class=\u0022text-align-justify\u0022\u003E\u003Cspan\u003ELas mujeres con discapacidad\u0026nbsp; representan la mayor\u00eda, con relaci\u00f3n a los hombres con discapacidad en los grupos socioecon\u00f3micos bajo (57.8%), medio bajo (58.7%), medio y medio alto (58.6%) y alto (60.8%), mientras que los hombres\u0026nbsp; con discapacidad representan la mayor\u00eda solamente en el grupo muy bajo (53.4%).\u003C\/span\u003E\u003C\/li\u003E\u003Cli class=\u0022text-align-justify\u0022\u003E\u003Cspan\u003ELas diferentes dificultades que dan origen a la condici\u00f3n de discapacidad, se distribuyen de manera bastante uniforme dentro de los diferentes grupos econ\u00f3micos, al igual que la discapacidad severa, presente en proporciones similares en todos los grupos socioecon\u00f3micos.\u003C\/span\u003E\u003C\/li\u003E\u003C\/ul\u003E\u003C\/div\u003E\n\n\u003C!-- END CUSTOM TEMPLATE OUTPUT from \u0027themes\/custom\/sub_noahs_theme\/templates\/form\/container.html.twig\u0027 --\u003E\n\n\u003C\/div\u003E\n\n\u003C!-- END CUSTOM TEMPLATE OUTPUT from \u0027themes\/custom\/sub_noahs_theme\/templates\/form\/container.html.twig\u0027 --\u003E\n\n","settings":null,"effect":"fade","speed":"slow"}]