[{"command":"insert","method":"replaceWith","selector":"#indicator-content-ajax","data":"\n\n\u003C!-- THEME DEBUG --\u003E\n\u003C!-- THEME HOOK: \u0027container\u0027 --\u003E\n\u003C!-- \ud83d\udca1 BEGIN CUSTOM TEMPLATE OUTPUT from \u0027themes\/custom\/sub_noahs_theme\/templates\/form\/container.html.twig\u0027 --\u003E\n\u003Cdiv id=\u0022indicator-content-ajax\u0022 class=\u0022daba-bank-full-main  mb-lg-0\u0022\u003E\n\n\u003C!-- THEME DEBUG --\u003E\n\u003C!-- THEME HOOK: \u0027container\u0027 --\u003E\n\u003C!-- \ud83d\udca1 BEGIN CUSTOM TEMPLATE OUTPUT from \u0027themes\/custom\/sub_noahs_theme\/templates\/form\/container.html.twig\u0027 --\u003E\n\u003Cdiv class=\u0022data-bank-indicator-title text-uppercase fs-5 fw-bold pb-2 mb-lg-0\u0022\u003E\u003Cp\u003EPrincipales resultados\u003C\/p\u003E\n\u003C\/div\u003E\n\n\u003C!-- END CUSTOM TEMPLATE OUTPUT from \u0027themes\/custom\/sub_noahs_theme\/templates\/form\/container.html.twig\u0027 --\u003E\n\n\n\n\u003C!-- THEME DEBUG --\u003E\n\u003C!-- THEME HOOK: \u0027container\u0027 --\u003E\n\u003C!-- \ud83d\udca1 BEGIN CUSTOM TEMPLATE OUTPUT from \u0027themes\/custom\/sub_noahs_theme\/templates\/form\/container.html.twig\u0027 --\u003E\n\u003Cdiv class=\u0022o-field-value mb-lg-0\u0022\u003E\u003Cp\u003ELa tasa de desempleo de la poblaci\u00f3n con discapacidad severa o total en Uruguay, seg\u00fan el Censo de Poblaci\u00f3n, Hogares y Viviendas 2023, es del 14,2%, bastante superior a la que registra el conjunto de la poblaci\u00f3n (9,2%).\u0026nbsp; Es mayor en las mujeres (15,8%) que en los hombres (11,9%), y alcanza su m\u00e1ximo en el grupo de edad de entre 15 y 19 a\u00f1os (51,2%).\u003C\/p\u003E\u003Cp\u003ELa tasa de desempleo de las personas con discapacidad severa o total es bastante m\u00e1s alta en Montevideo y las zonas urbanas del interior que en las zonas rurales, y disminuye conforme aumenta el nivel educativo, siendo particularmente baja entre la poblaci\u00f3n con formaci\u00f3n de postgrado (3,7%).\u0026nbsp;\u003C\/p\u003E\u003Cp\u003EEl departamento que registra una mayor tasa de desempleo de la poblaci\u00f3n con discapacidad severa o total es el de Rivera (17,1%), seguido por los de Artigas y Paysand\u00fa (ambos con el 16,3%). La menor tasa de desempleo se registra en los departamentos de Colonia (12,4%), Flores (12,7%) y Florida (12,8%).\u003C\/p\u003E\u003C\/div\u003E\n\n\u003C!-- END CUSTOM TEMPLATE OUTPUT from \u0027themes\/custom\/sub_noahs_theme\/templates\/form\/container.html.twig\u0027 --\u003E\n\n\u003C\/div\u003E\n\n\u003C!-- END CUSTOM TEMPLATE OUTPUT from \u0027themes\/custom\/sub_noahs_theme\/templates\/form\/container.html.twig\u0027 --\u003E\n\n","settings":null,"effect":"fade","speed":"slow"}]