[{"command":"insert","method":"replaceWith","selector":"#indicator-content-ajax","data":"\n\n\u003C!-- THEME DEBUG --\u003E\n\u003C!-- THEME HOOK: \u0027container\u0027 --\u003E\n\u003C!-- \ud83d\udca1 BEGIN CUSTOM TEMPLATE OUTPUT from \u0027themes\/custom\/sub_noahs_theme\/templates\/form\/container.html.twig\u0027 --\u003E\n\u003Cdiv id=\u0022indicator-content-ajax\u0022 class=\u0022daba-bank-full-main  mb-lg-0\u0022\u003E\n\n\u003C!-- THEME DEBUG --\u003E\n\u003C!-- THEME HOOK: \u0027container\u0027 --\u003E\n\u003C!-- \ud83d\udca1 BEGIN CUSTOM TEMPLATE OUTPUT from \u0027themes\/custom\/sub_noahs_theme\/templates\/form\/container.html.twig\u0027 --\u003E\n\u003Cdiv class=\u0022data-bank-indicator-title text-uppercase fs-5 fw-bold pb-2 mb-lg-0\u0022\u003E\u003Cp\u003EDefinici\u00f3n y fuentes\u003C\/p\u003E\n\u003C\/div\u003E\n\n\u003C!-- END CUSTOM TEMPLATE OUTPUT from \u0027themes\/custom\/sub_noahs_theme\/templates\/form\/container.html.twig\u0027 --\u003E\n\n\n\n\u003C!-- THEME DEBUG --\u003E\n\u003C!-- THEME HOOK: \u0027container\u0027 --\u003E\n\u003C!-- \ud83d\udca1 BEGIN CUSTOM TEMPLATE OUTPUT from \u0027themes\/custom\/sub_noahs_theme\/templates\/form\/container.html.twig\u0027 --\u003E\n\u003Cdiv class=\u0022o-field-value mb-lg-0\u0022\u003E\u003Cp\u003E\u003Cstrong\u003ETipo de ocupaci\u00f3n. Definici\u00f3n\u003C\/strong\u003E\u003C\/p\u003E\u003Cp\u003EEl tipo de ocupaci\u00f3n permite identificar el tipo de trabajo o tarea espec\u00edfica que desarrollan las personas ocupadas en su ocupaci\u00f3n principal.\u003C\/p\u003E\u003Cp\u003EEl cuestionario del Censo de Poblaci\u00f3n, Hogares y Viviendas 2023 incluye una pregunta, que se formula a quienes actualmente tienen trabajo, sobre las tareas que realiza en el trabajo. Las respuestas a esta pregunta se han codificado de acuerdo con la Clasificaci\u00f3n Internacional Uniforme de Ocupaciones (CIUO 08) en las siguientes categor\u00edas:\u003C\/p\u003E\u003Cul\u003E\u003Cli\u003EOcupaciones militares\u003C\/li\u003E\u003Cli\u003EDirectores y gerentes\u003C\/li\u003E\u003Cli\u003EProfesionales cient\u00edficos e intelectuales\u003C\/li\u003E\u003Cli\u003ET\u00e9cnicos y profesionales de nivel medio\u003C\/li\u003E\u003Cli\u003EPersonal de apoyo administrativo\u003C\/li\u003E\u003Cli\u003ETrabajadores de los servicios y vendedores de comercios y mercados\u003C\/li\u003E\u003Cli\u003EAgricultores y trabajadores calificados agropecuarios, forestales y pesqueros\u003C\/li\u003E\u003Cli\u003EOficiales, operarios y artesanos de artes mec\u00e1nicas y de otros oficios\u003C\/li\u003E\u003Cli\u003EOperadores de instalaciones y m\u00e1quinas y ensambladores\u003C\/li\u003E\u003Cli\u003EOcupaciones elementales\u003C\/li\u003E\u003C\/ul\u003E\u003Cp\u003EEste indicador se refiere a la poblaci\u00f3n de 12 y m\u00e1s a\u00f1os con discapacidad severa o total ocupada.\u003C\/p\u003E\u003Cp\u003EFUENTE:\u003C\/p\u003E\u003Cp\u003ECenso de Poblaci\u00f3n, Hogares y Viviendas 2023\u0026nbsp;\u003C\/p\u003E\u003Cp\u003EMETODOLOG\u00cdA:\u003C\/p\u003E\u003Cp\u003EElaboraci\u00f3n propia a partir de los microdatos publicados para uso estad\u00edstico.\u003C\/p\u003E\u003C\/div\u003E\n\n\u003C!-- END CUSTOM TEMPLATE OUTPUT from \u0027themes\/custom\/sub_noahs_theme\/templates\/form\/container.html.twig\u0027 --\u003E\n\n\u003C\/div\u003E\n\n\u003C!-- END CUSTOM TEMPLATE OUTPUT from \u0027themes\/custom\/sub_noahs_theme\/templates\/form\/container.html.twig\u0027 --\u003E\n\n","settings":null,"effect":"fade","speed":"slow"}]