[{"command":"add_css","data":[{"rel":"stylesheet","media":"all","href":"\/modules\/contrib\/paragraphs\/css\/paragraphs.unpublished.css?tdzxgi"},{"rel":"stylesheet","media":"all","href":"\/themes\/custom\/bootstrap_barrio\/css\/components\/node.css?tdzxgi"}]},{"command":"insert","method":"replaceWith","selector":"#indicator-content-ajax","data":"\n\n\u003C!-- THEME DEBUG --\u003E\n\u003C!-- THEME HOOK: \u0027container\u0027 --\u003E\n\u003C!-- \ud83d\udca1 BEGIN CUSTOM TEMPLATE OUTPUT from \u0027themes\/custom\/sub_noahs_theme\/templates\/form\/container.html.twig\u0027 --\u003E\n\u003Cdiv id=\u0022indicator-content-ajax\u0022 class=\u0022daba-bank-full-main  mb-lg-0\u0022\u003E\n\n\u003C!-- THEME DEBUG --\u003E\n\u003C!-- THEME HOOK: \u0027container\u0027 --\u003E\n\u003C!-- \ud83d\udca1 BEGIN CUSTOM TEMPLATE OUTPUT from \u0027themes\/custom\/sub_noahs_theme\/templates\/form\/container.html.twig\u0027 --\u003E\n\u003Cdiv class=\u0022data-bank-indicator-title text-uppercase fs-5 fw-bold pb-2 mb-lg-0\u0022\u003E\u003Cp\u003E\u00daLTIMO DATO\u003C\/p\u003E\n\u003C\/div\u003E\n\n\u003C!-- END CUSTOM TEMPLATE OUTPUT from \u0027themes\/custom\/sub_noahs_theme\/templates\/form\/container.html.twig\u0027 --\u003E\n\n\n\n\u003C!-- THEME DEBUG --\u003E\n\u003C!-- THEME HOOK: \u0027container\u0027 --\u003E\n\u003C!-- \ud83d\udca1 BEGIN CUSTOM TEMPLATE OUTPUT from \u0027themes\/custom\/sub_noahs_theme\/templates\/form\/container.html.twig\u0027 --\u003E\n\u003Cdiv class=\u0022o-field-value mb-lg-0\u0022\u003E\n\n\u003C!-- THEME DEBUG --\u003E\n\u003C!-- THEME HOOK: \u0027node\u0027 --\u003E\n\u003C!-- FILE NAME SUGGESTIONS:\n   \u25aa\ufe0f node--2094--teaser.html.twig\n   \u25aa\ufe0f node--2094.html.twig\n   \u25aa\ufe0f node--data-sample--teaser.html.twig\n   \u2705 node--data-sample.html.twig\n   \u25aa\ufe0f node--teaser.html.twig\n   \u25aa\ufe0f node.html.twig\n--\u003E\n\u003C!-- \ud83d\udca1 BEGIN CUSTOM TEMPLATE OUTPUT from \u0027themes\/custom\/sub_noahs_theme\/templates\/content\/node--data-sample.html.twig\u0027 --\u003E\n\n\n\u003Carticle class=\u0022node node--type-data-sample node--view-mode-teaser clearfix\u0022\u003E\n    \u003Cdiv class=\u0022node__content clearfix m-0\u0022\u003E\n        \n\n\u003C!-- THEME DEBUG --\u003E\n\u003C!-- THEME HOOK: \u0027container\u0027 --\u003E\n\u003C!-- \ud83d\udca1 BEGIN CUSTOM TEMPLATE OUTPUT from \u0027themes\/custom\/sub_noahs_theme\/templates\/form\/container.html.twig\u0027 --\u003E\n\u003Cdiv class=\u0022field field--name-field-title field--type-string field--label-hidden field__item teaser-title text-primary pb-3 mb-lg-0\u0022\u003E\u003Ca href=\u0022\/datos\/uruguay-distribucion-poblacion-ocupada-ultimo-dato-censo-2023\u0022\u003EUruguay. Distribuci\u00f3n Poblaci\u00f3n Ocupada. \u00daltimo dato (censo 2023)\u003C\/a\u003E\u003C\/div\u003E\n\n\u003C!-- END CUSTOM TEMPLATE OUTPUT from \u0027themes\/custom\/sub_noahs_theme\/templates\/form\/container.html.twig\u0027 --\u003E\n\n\n\n\u003C!-- THEME DEBUG --\u003E\n\u003C!-- THEME HOOK: \u0027field\u0027 --\u003E\n\u003C!-- FILE NAME SUGGESTIONS:\n   \u25aa\ufe0f field--node--field-source-data--data-sample.html.twig\n   \u25aa\ufe0f field--node--field-source-data.html.twig\n   \u25aa\ufe0f field--node--data-sample.html.twig\n   \u25aa\ufe0f field--field-source-data.html.twig\n   \u25aa\ufe0f field--entity-reference-revisions.html.twig\n   \u2705 field.html.twig\n--\u003E\n\u003C!-- BEGIN OUTPUT from \u0027themes\/contrib\/noahs_builder_theme\/templates\/field\/field.html.twig\u0027 --\u003E\n\n            \u003Cdiv class=\u0022field field-field-source-data field-type-entity-reference-revisions field-label-hidden field-item\u0022\u003E\n\n\u003C!-- THEME DEBUG --\u003E\n\u003C!-- THEME HOOK: \u0027paragraph\u0027 --\u003E\n\u003C!-- FILE NAME SUGGESTIONS:\n   \u25aa\ufe0f paragraph--4168.html.twig\n   \u25aa\ufe0f paragraph--html--default.html.twig\n   \u25aa\ufe0f paragraph--html.html.twig\n   \u2705 paragraph--default.html.twig\n   \u25aa\ufe0f paragraph.html.twig\n--\u003E\n\u003C!-- \ud83d\udca1 BEGIN CUSTOM TEMPLATE OUTPUT from \u0027themes\/custom\/sub_noahs_theme\/templates\/paragraph\/paragraph--default.html.twig\u0027 --\u003E\n\n  \u003Cdiv class=\u0022paragraph paragraph--type--html paragraph--view-mode--default\u0022\u003E\n      \u003Cdiv class=\u0022container-fluid p-0\u0022\u003E\n          \n\n\u003C!-- THEME DEBUG --\u003E\n\u003C!-- THEME HOOK: \u0027field\u0027 --\u003E\n\u003C!-- FILE NAME SUGGESTIONS:\n   \u25aa\ufe0f field--paragraph--field-description--html.html.twig\n   \u25aa\ufe0f field--paragraph--field-description.html.twig\n   \u25aa\ufe0f field--paragraph--html.html.twig\n   \u25aa\ufe0f field--field-description.html.twig\n   \u25aa\ufe0f field--text-long.html.twig\n   \u2705 field.html.twig\n--\u003E\n\u003C!-- BEGIN OUTPUT from \u0027themes\/contrib\/noahs_builder_theme\/templates\/field\/field.html.twig\u0027 --\u003E\n\n            \u003Cdiv class=\u0022field field-field-description field-type-text-long field-label-hidden field-item\u0022\u003E\u003Cp\u003E\u003Cstrong\u003EDISTRIBUCI\u0026Oacute;N DE LA POBLACI\u0026Oacute;N OCUPADA CON DISCAPACIDAD SEVERA O TOTAL EN URUGUAY SEG\u0026Uacute;N TIPO DE OCUPACI\u0026Oacute;NL EN COMPARACI\u0026Oacute;N CON EL CONJUNTO DE LA POBLACI\u0026Oacute;N OCUPADA DE 12 Y M\u0026Aacute;S A\u0026Ntilde;OS (2023)\u003C\/strong\u003E\u003C\/p\u003E\n\u003Ctable style=\u0022width: 842px;\u0022\u003E\n\u003Ctbody\u003E\n\u003Ctr\u003E\n\u003Ctd style=\u0022width: 264px;\u0022\u003E\u0026nbsp;\u003C\/td\u003E\n\u003Ctd style=\u0022width: 271.656px; text-align: center;\u0022 colspan=\u00222\u0022\u003E\u003Cspan style=\u0022color: #c00000;\u0022\u003EPersonas con discapacidad severa o total\u003C\/span\u003E\u003C\/td\u003E\n\u003Ctd style=\u0022width: 271.344px; text-align: center;\u0022 colspan=\u00222\u0022\u003E\u003Cspan style=\u0022color: #c00000;\u0022\u003ETotal poblaci\u0026oacute;n\u003C\/span\u003E\u003C\/td\u003E\n\u003C\/tr\u003E\n\u003Ctr\u003E\n\u003Ctd style=\u0022width: 264px;\u0022\u003E\u0026nbsp;\u003C\/td\u003E\n\u003Ctd style=\u0022width: 132px; text-align: center;\u0022\u003E\u003Cspan style=\u0022color: #c00000;\u0022\u003EN\u0026uacute;mero de personas\u0026nbsp;\u003C\/span\u003E\u003C\/td\u003E\n\u003Ctd style=\u0022width: 139.656px; text-align: center;\u0022\u003E\u003Cspan style=\u0022color: #c00000;\u0022\u003EDistribuci\u0026oacute;n porcentual\u003C\/span\u003E\u003C\/td\u003E\n\u003Ctd style=\u0022width: 137.344px; text-align: center;\u0022\u003E\u003Cspan style=\u0022color: #c00000;\u0022\u003EN\u0026uacute;mero de personas\u0026nbsp;\u003C\/span\u003E\u003C\/td\u003E\n\u003Ctd style=\u0022width: 134px; text-align: center;\u0022\u003E\u003Cspan style=\u0022color: #c00000;\u0022\u003EDistribuci\u0026oacute;n porcentual\u003C\/span\u003E\u003C\/td\u003E\n\u003C\/tr\u003E\n\u003Ctr\u003E\n\u003Ctd style=\u0022width: 264px;\u0022\u003EOcupaciones militares\u003C\/td\u003E\n\u003Ctd style=\u0022width: 132px; text-align: right;\u0022\u003E199\u003C\/td\u003E\n\u003Ctd style=\u0022width: 139.656px; text-align: right;\u0022\u003E0,5\u003C\/td\u003E\n\u003Ctd style=\u0022width: 137.344px; text-align: right;\u0022\u003E12.715\u003C\/td\u003E\n\u003Ctd style=\u0022width: 134px; text-align: right;\u0022\u003E1,0\u003C\/td\u003E\n\u003C\/tr\u003E\n\u003Ctr\u003E\n\u003Ctd style=\u0022width: 264px;\u0022\u003EDirectores y gerentes\u003C\/td\u003E\n\u003Ctd style=\u0022width: 132px; text-align: right;\u0022\u003E1.509\u003C\/td\u003E\n\u003Ctd style=\u0022width: 139.656px; text-align: right;\u0022\u003E3,9\u003C\/td\u003E\n\u003Ctd style=\u0022width: 137.344px; text-align: right;\u0022\u003E64.666\u003C\/td\u003E\n\u003Ctd style=\u0022width: 134px; text-align: right;\u0022\u003E5,2\u003C\/td\u003E\n\u003C\/tr\u003E\n\u003Ctr\u003E\n\u003Ctd style=\u0022width: 264px;\u0022\u003EProfesionales cient\u0026iacute;ficos e intelectuales\u003C\/td\u003E\n\u003Ctd style=\u0022width: 132px; text-align: right;\u0022\u003E3.225\u003C\/td\u003E\n\u003Ctd style=\u0022width: 139.656px; text-align: right;\u0022\u003E8,3\u003C\/td\u003E\n\u003Ctd style=\u0022width: 137.344px; text-align: right;\u0022\u003E168.456\u003C\/td\u003E\n\u003Ctd style=\u0022width: 134px; text-align: right;\u0022\u003E13,7\u003C\/td\u003E\n\u003C\/tr\u003E\n\u003Ctr\u003E\n\u003Ctd style=\u0022width: 264px;\u0022\u003ET\u0026eacute;cnicos y profesionales de nivel medio\u003C\/td\u003E\n\u003Ctd style=\u0022width: 132px; text-align: right;\u0022\u003E1.365\u003C\/td\u003E\n\u003Ctd style=\u0022width: 139.656px; text-align: right;\u0022\u003E3,5\u003C\/td\u003E\n\u003Ctd style=\u0022width: 137.344px; text-align: right;\u0022\u003E67.655\u003C\/td\u003E\n\u003Ctd style=\u0022width: 134px; text-align: right;\u0022\u003E5,5\u003C\/td\u003E\n\u003C\/tr\u003E\n\u003Ctr\u003E\n\u003Ctd style=\u0022width: 264px;\u0022\u003EPersonal de apoyo administrativo\u003C\/td\u003E\n\u003Ctd style=\u0022width: 132px; text-align: right;\u0022\u003E2.568\u003C\/td\u003E\n\u003Ctd style=\u0022width: 139.656px; text-align: right;\u0022\u003E6,6\u003C\/td\u003E\n\u003Ctd style=\u0022width: 137.344px; text-align: right;\u0022\u003E94.608\u003C\/td\u003E\n\u003Ctd style=\u0022width: 134px; text-align: right;\u0022\u003E7,7\u003C\/td\u003E\n\u003C\/tr\u003E\n\u003Ctr\u003E\n\u003Ctd style=\u0022width: 264px;\u0022\u003ETrabajadores de los servicios y vendedores de comercios y mercados\u003C\/td\u003E\n\u003Ctd style=\u0022width: 132px; text-align: right;\u0022\u003E12.298\u003C\/td\u003E\n\u003Ctd style=\u0022width: 139.656px; text-align: right;\u0022\u003E31,5\u003C\/td\u003E\n\u003Ctd style=\u0022width: 137.344px; text-align: right;\u0022\u003E320.713\u003C\/td\u003E\n\u003Ctd style=\u0022width: 134px; text-align: right;\u0022\u003E26,0\u003C\/td\u003E\n\u003C\/tr\u003E\n\u003Ctr\u003E\n\u003Ctd style=\u0022width: 264px;\u0022\u003EAgricultores y trabajadores calificados agropecuarios, forestales y pesqueros\u003C\/td\u003E\n\u003Ctd style=\u0022width: 132px; text-align: right;\u0022\u003E1.777\u003C\/td\u003E\n\u003Ctd style=\u0022width: 139.656px; text-align: right;\u0022\u003E4,5\u003C\/td\u003E\n\u003Ctd style=\u0022width: 137.344px; text-align: right;\u0022\u003E61.694\u003C\/td\u003E\n\u003Ctd style=\u0022width: 134px; text-align: right;\u0022\u003E5,0\u003C\/td\u003E\n\u003C\/tr\u003E\n\u003Ctr\u003E\n\u003Ctd style=\u0022width: 264px;\u0022\u003EOficiales, operarios y artesanos de artes mec\u0026aacute;nicas y de otros oficios\u003C\/td\u003E\n\u003Ctd style=\u0022width: 132px; text-align: right;\u0022\u003E4.998\u003C\/td\u003E\n\u003Ctd style=\u0022width: 139.656px; text-align: right;\u0022\u003E12,8\u003C\/td\u003E\n\u003Ctd style=\u0022width: 137.344px; text-align: right;\u0022\u003E151.527\u003C\/td\u003E\n\u003Ctd style=\u0022width: 134px; text-align: right;\u0022\u003E12,3\u003C\/td\u003E\n\u003C\/tr\u003E\n\u003Ctr\u003E\n\u003Ctd style=\u0022width: 264px;\u0022\u003EOperadores de instalaciones y m\u0026aacute;quinas y ensambladores\u003C\/td\u003E\n\u003Ctd style=\u0022width: 132px; text-align: right;\u0022\u003E2.169\u003C\/td\u003E\n\u003Ctd style=\u0022width: 139.656px; text-align: right;\u0022\u003E5,6\u003C\/td\u003E\n\u003Ctd style=\u0022width: 137.344px; text-align: right;\u0022\u003E95.855\u003C\/td\u003E\n\u003Ctd style=\u0022width: 134px; text-align: right;\u0022\u003E7,8\u003C\/td\u003E\n\u003C\/tr\u003E\n\u003Ctr\u003E\n\u003Ctd style=\u0022width: 264px;\u0022\u003EOcupaciones elementales\u003C\/td\u003E\n\u003Ctd style=\u0022width: 132px; text-align: right;\u0022\u003E8.973\u003C\/td\u003E\n\u003Ctd style=\u0022width: 139.656px; text-align: right;\u0022\u003E23,0\u003C\/td\u003E\n\u003Ctd style=\u0022width: 137.344px; text-align: right;\u0022\u003E195.515\u003C\/td\u003E\n\u003Ctd style=\u0022width: 134px; text-align: right;\u0022\u003E15,9\u003C\/td\u003E\n\u003C\/tr\u003E\n\u003Ctr\u003E\n\u003Ctd style=\u0022width: 264px;\u0022\u003E\u003Cstrong\u003ETotal con informaci\u0026oacute;n sobre tipo de ocupaci\u0026oacute;n\u003C\/strong\u003E\u003C\/td\u003E\n\u003Ctd style=\u0022width: 132px; text-align: right;\u0022\u003E\u003Cstrong\u003E39.081\u003C\/strong\u003E\u003C\/td\u003E\n\u003Ctd style=\u0022width: 139.656px; text-align: right;\u0022\u003E\u003Cstrong\u003E100,0\u003C\/strong\u003E\u003C\/td\u003E\n\u003Ctd style=\u0022width: 137.344px; text-align: right;\u0022\u003E\u003Cstrong\u003E1.233.404\u003C\/strong\u003E\u003C\/td\u003E\n\u003Ctd style=\u0022width: 134px; text-align: right;\u0022\u003E\u003Cstrong\u003E100,0\u003C\/strong\u003E\u003C\/td\u003E\n\u003C\/tr\u003E\n\u003C\/tbody\u003E\n\u003C\/table\u003E\u003C\/div\u003E\n      \n\u003C!-- END OUTPUT from \u0027themes\/contrib\/noahs_builder_theme\/templates\/field\/field.html.twig\u0027 --\u003E\n\n\n          \u003C\/div\u003E\n  \u003C\/div\u003E\n\n\u003C!-- END CUSTOM TEMPLATE OUTPUT from \u0027themes\/custom\/sub_noahs_theme\/templates\/paragraph\/paragraph--default.html.twig\u0027 --\u003E\n\n\u003C\/div\u003E\n      \n\u003C!-- END OUTPUT from \u0027themes\/contrib\/noahs_builder_theme\/templates\/field\/field.html.twig\u0027 --\u003E\n\n\n\n\u003C!-- THEME DEBUG --\u003E\n\u003C!-- THEME HOOK: \u0027pseudo_field\u0027 --\u003E\n\u003C!-- \ud83d\udca1 BEGIN CUSTOM TEMPLATE OUTPUT from \u0027themes\/custom\/sub_noahs_theme\/templates\/field\/pseudo-field.html.twig\u0027 --\u003E\n\n\u003Cdiv class=\u0022field field-pseudo-social-sharing pt-3\u0022\u003E\n  \u003Cdiv class=\u0022pt-3 border-top border-primary\u0022\u003E\n\n\u003C!-- THEME DEBUG --\u003E\n\u003C!-- THEME HOOK: \u0027item_list\u0027 --\u003E\n\u003C!-- BEGIN OUTPUT from \u0027core\/modules\/system\/templates\/item-list.html.twig\u0027 --\u003E\n\u003Ch3\u003ECompartir:\u003C\/h3\u003E\u003Cul class=\u0022share-container__items d-flex gap-3 flex-column flex-sm-row\u0022\u003E\u003Cli class=\u0022share-container__item border-0 rounded-0 p-0 col-12 col-sm-auto share-container__item-facebook\u0022\u003E\u003Ca href=\u0022https:\/\/www.facebook.com\/sharer\/sharer.php?u=https%3A\/\/odismet.org\/datos\/uruguay-distribucion-poblacion-ocupada-ultimo-dato-censo-2023\u0022 class=\u0022text-white share-link px-3 py-2 lh-sm\u0022 target=\u0022_blank\u0022\u003EFacebook\u003C\/a\u003E\u003C\/li\u003E\u003Cli class=\u0022share-container__item border-0 rounded-0 p-0 col-12 col-sm-auto share-container__item-twitter\u0022\u003E\u003Ca href=\u0022https:\/\/twitter.com\/intent\/tweet?text=Uruguay.%20Distribuci%C3%B3n%20Poblaci%C3%B3n%20Ocupada.%20%C3%9Altimo%20dato%20%28censo%202023%29\u0026amp;url=https%3A\/\/odismet.org\/datos\/uruguay-distribucion-poblacion-ocupada-ultimo-dato-censo-2023\u0022 class=\u0022text-white share-link px-3 py-2 lh-sm\u0022 target=\u0022_blank\u0022\u003ETwitter\u003C\/a\u003E\u003C\/li\u003E\u003Cli class=\u0022share-container__item border-0 rounded-0 p-0 col-12 col-sm-auto share-container__item-linkedin\u0022\u003E\u003Ca href=\u0022https:\/\/www.linkedin.com\/shareArticle?mini=true\u0026amp;url=https%3A\/\/odismet.org\/datos\/uruguay-distribucion-poblacion-ocupada-ultimo-dato-censo-2023\u0026amp;title=Uruguay.%20Distribuci%C3%B3n%20Poblaci%C3%B3n%20Ocupada.%20%C3%9Altimo%20dato%20%28censo%202023%29\u0022 class=\u0022text-white share-link px-3 py-2 lh-sm\u0022 target=\u0022_blank\u0022\u003ELinkedin\u003C\/a\u003E\u003C\/li\u003E\u003C\/ul\u003E\n\u003C!-- END OUTPUT from \u0027core\/modules\/system\/templates\/item-list.html.twig\u0027 --\u003E\n\n\n\u003C\/div\u003E\n\n\u003C!-- END CUSTOM TEMPLATE OUTPUT from \u0027themes\/custom\/sub_noahs_theme\/templates\/field\/pseudo-field.html.twig\u0027 --\u003E\n\n\n    \u003C\/div\u003E\n\u003C\/article\u003E\n\n\n\u003C!-- END CUSTOM TEMPLATE OUTPUT from \u0027themes\/custom\/sub_noahs_theme\/templates\/content\/node--data-sample.html.twig\u0027 --\u003E\n\n\u003C\/div\u003E\n\n\u003C!-- END CUSTOM TEMPLATE OUTPUT from \u0027themes\/custom\/sub_noahs_theme\/templates\/form\/container.html.twig\u0027 --\u003E\n\n\u003C\/div\u003E\n\n\u003C!-- END CUSTOM TEMPLATE OUTPUT from \u0027themes\/custom\/sub_noahs_theme\/templates\/form\/container.html.twig\u0027 --\u003E\n\n","settings":null,"effect":"fade","speed":"slow"}]