[{"command":"insert","method":"replaceWith","selector":"#indicator-content-ajax","data":"\n\n\u003C!-- THEME DEBUG --\u003E\n\u003C!-- THEME HOOK: \u0027container\u0027 --\u003E\n\u003C!-- \ud83d\udca1 BEGIN CUSTOM TEMPLATE OUTPUT from \u0027themes\/custom\/sub_noahs_theme\/templates\/form\/container.html.twig\u0027 --\u003E\n\u003Cdiv id=\u0022indicator-content-ajax\u0022 class=\u0022daba-bank-full-main  mb-lg-0\u0022\u003E\n\n\u003C!-- THEME DEBUG --\u003E\n\u003C!-- THEME HOOK: \u0027container\u0027 --\u003E\n\u003C!-- \ud83d\udca1 BEGIN CUSTOM TEMPLATE OUTPUT from \u0027themes\/custom\/sub_noahs_theme\/templates\/form\/container.html.twig\u0027 --\u003E\n\u003Cdiv class=\u0022data-bank-indicator-title text-uppercase fs-5 fw-bold pb-2 mb-lg-0\u0022\u003E\u003Cp\u003EPrincipales resultados\u003C\/p\u003E\n\u003C\/div\u003E\n\n\u003C!-- END CUSTOM TEMPLATE OUTPUT from \u0027themes\/custom\/sub_noahs_theme\/templates\/form\/container.html.twig\u0027 --\u003E\n\n\n\n\u003C!-- THEME DEBUG --\u003E\n\u003C!-- THEME HOOK: \u0027container\u0027 --\u003E\n\u003C!-- \ud83d\udca1 BEGIN CUSTOM TEMPLATE OUTPUT from \u0027themes\/custom\/sub_noahs_theme\/templates\/form\/container.html.twig\u0027 --\u003E\n\u003Cdiv class=\u0022o-field-value mb-lg-0\u0022\u003E\u003Cp\u003ESeg\u00fan el Censo de Poblaci\u00f3n, Hogares y Viviendas 2023), el 45,1% de las personas con discapacidad severa o total ocupadas son asalariadas, el 28,9% trabajan por cuenta propia, el 16,1% son asalariados p\u00fablicos, el 5,0% son patrones o empleadores y el 3,9% trabajan como familiares no remunerados. El 1% restante se reparte, a partes iguales, entre trabajadores de un programa social de empleo y miembros de cooperativas de trabajo.\u0026nbsp;\u003C\/p\u003E\u003Cp\u003EEn comparaci\u00f3n con el conjunto de la poblaci\u00f3n ocupada, entre las personas con discapacidad severa o total ocupadas hay una mayor proporci\u00f3n de trabajadores por cuenta propia (28,9% frente a 20,6%), de trabajadores familiares (3,9% frente a 2,0%) y de trabajadores de un programa social de empleo (0,5% frente a 0,3%). Por el contrario, hay una proporci\u00f3n menor de asalariados privados (45,1% frente a 53,8%) y de patrones o empleadores (2,3% frente a 3,1%). La proporci\u00f3n de miembros de cooperativas de trabajo es la misma en ambas poblaciones.\u003C\/p\u003E\u003Cp\u003ELa proporci\u00f3n de personas con discapacidad ocupadas que trabajan por cuenta propia es algo mayor entre los hombres que entre las mujeres (31,2% frente al 27,2%), y crece a medida que aumenta la edad (llegando a ser el 50,3% entre quienes tienen entre 70 y 74 a\u00f1os).\u0026nbsp;\u003C\/p\u003E\u003C\/div\u003E\n\n\u003C!-- END CUSTOM TEMPLATE OUTPUT from \u0027themes\/custom\/sub_noahs_theme\/templates\/form\/container.html.twig\u0027 --\u003E\n\n\u003C\/div\u003E\n\n\u003C!-- END CUSTOM TEMPLATE OUTPUT from \u0027themes\/custom\/sub_noahs_theme\/templates\/form\/container.html.twig\u0027 --\u003E\n\n","settings":null,"effect":"fade","speed":"slow"}]