[{"command":"insert","method":"replaceWith","selector":"#indicator-content-ajax","data":"\n\n\u003C!-- THEME DEBUG --\u003E\n\u003C!-- THEME HOOK: \u0027container\u0027 --\u003E\n\u003C!-- \ud83d\udca1 BEGIN CUSTOM TEMPLATE OUTPUT from \u0027themes\/custom\/sub_noahs_theme\/templates\/form\/container.html.twig\u0027 --\u003E\n\u003Cdiv id=\u0022indicator-content-ajax\u0022 class=\u0022daba-bank-full-main  mb-lg-0\u0022\u003E\n\n\u003C!-- THEME DEBUG --\u003E\n\u003C!-- THEME HOOK: \u0027container\u0027 --\u003E\n\u003C!-- \ud83d\udca1 BEGIN CUSTOM TEMPLATE OUTPUT from \u0027themes\/custom\/sub_noahs_theme\/templates\/form\/container.html.twig\u0027 --\u003E\n\u003Cdiv class=\u0022data-bank-indicator-title text-uppercase fs-5 fw-bold pb-2 mb-lg-0\u0022\u003E\u003Cp\u003EDefinici\u00f3n y fuentes\u003C\/p\u003E\n\u003C\/div\u003E\n\n\u003C!-- END CUSTOM TEMPLATE OUTPUT from \u0027themes\/custom\/sub_noahs_theme\/templates\/form\/container.html.twig\u0027 --\u003E\n\n\n\n\u003C!-- THEME DEBUG --\u003E\n\u003C!-- THEME HOOK: \u0027container\u0027 --\u003E\n\u003C!-- \ud83d\udca1 BEGIN CUSTOM TEMPLATE OUTPUT from \u0027themes\/custom\/sub_noahs_theme\/templates\/form\/container.html.twig\u0027 --\u003E\n\u003Cdiv class=\u0022o-field-value mb-lg-0\u0022\u003E\u003Cp\u003E\u003Cstrong\u003ENivel educativo. Definici\u00f3n\u003C\/strong\u003E\u003C\/p\u003E\u003Cp\u003EEl Censo de Poblaci\u00f3n, Hogares y Viviendas 2023 incluye informaci\u00f3n sobre el nivel educativo de la poblaci\u00f3n, con una categorizaci\u00f3n que contempla los siguientes niveles:\u0026nbsp;\u003C\/p\u003E\u003Cul\u003E\u003Cli\u003ENo tiene estudios\u003C\/li\u003E\u003Cli\u003EPrimaria\u003C\/li\u003E\u003Cli\u003EMedia b\u00e1sica\u003C\/li\u003E\u003Cli\u003EMedia superior\u003C\/li\u003E\u003Cli\u003EFormaci\u00f3n profesional\u003C\/li\u003E\u003Cli\u003EUniversitario\u003C\/li\u003E\u003Cli\u003EPostgrado\u003C\/li\u003E\u003C\/ul\u003E\u003Cp\u003EEste indicador se refiere a la poblaci\u00f3n con discapacidad severa o total de 12 y m\u00e1s a\u00f1os.\u003C\/p\u003E\u003Cp\u003EFUENTE:\u003C\/p\u003E\u003Cp\u003ECenso de Poblaci\u00f3n, Hogares y Viviendas 2023\u0026nbsp;\u003C\/p\u003E\u003Cp\u003EMETODOLOG\u00cdA:\u003C\/p\u003E\u003Cp\u003EElaboraci\u00f3n propia a partir de los microdatos publicados para uso estad\u00edstico.\u003C\/p\u003E\u003C\/div\u003E\n\n\u003C!-- END CUSTOM TEMPLATE OUTPUT from \u0027themes\/custom\/sub_noahs_theme\/templates\/form\/container.html.twig\u0027 --\u003E\n\n\u003C\/div\u003E\n\n\u003C!-- END CUSTOM TEMPLATE OUTPUT from \u0027themes\/custom\/sub_noahs_theme\/templates\/form\/container.html.twig\u0027 --\u003E\n\n","settings":null,"effect":"fade","speed":"slow"}]