[{"command":"insert","method":"replaceWith","selector":"#indicator-content-ajax","data":"\n\n\u003C!-- THEME DEBUG --\u003E\n\u003C!-- THEME HOOK: \u0027container\u0027 --\u003E\n\u003C!-- \ud83d\udca1 BEGIN CUSTOM TEMPLATE OUTPUT from \u0027themes\/custom\/sub_noahs_theme\/templates\/form\/container.html.twig\u0027 --\u003E\n\u003Cdiv id=\u0022indicator-content-ajax\u0022 class=\u0022daba-bank-full-main  mb-lg-0\u0022\u003E\n\n\u003C!-- THEME DEBUG --\u003E\n\u003C!-- THEME HOOK: \u0027container\u0027 --\u003E\n\u003C!-- \ud83d\udca1 BEGIN CUSTOM TEMPLATE OUTPUT from \u0027themes\/custom\/sub_noahs_theme\/templates\/form\/container.html.twig\u0027 --\u003E\n\u003Cdiv class=\u0022data-bank-indicator-title text-uppercase fs-5 fw-bold pb-2 mb-lg-0\u0022\u003E\u003Cp\u003EPrincipales resultados\u003C\/p\u003E\n\u003C\/div\u003E\n\n\u003C!-- END CUSTOM TEMPLATE OUTPUT from \u0027themes\/custom\/sub_noahs_theme\/templates\/form\/container.html.twig\u0027 --\u003E\n\n\n\n\u003C!-- THEME DEBUG --\u003E\n\u003C!-- THEME HOOK: \u0027container\u0027 --\u003E\n\u003C!-- \ud83d\udca1 BEGIN CUSTOM TEMPLATE OUTPUT from \u0027themes\/custom\/sub_noahs_theme\/templates\/form\/container.html.twig\u0027 --\u003E\n\u003Cdiv class=\u0022o-field-value mb-lg-0\u0022\u003E\u003Cp\u003EDe acuerdo con el Censo de Poblaci\u00f3n, Hogares y Viviendas 2023, una de cada dos personas con discapacidad de 12 o m\u00e1s a\u00f1os tiene \u00fanicamente formaci\u00f3n primaria o no tiene estudios, frente a una de cada cuatro personas en el conjunto de la poblaci\u00f3n de 12 o m\u00e1s a\u00f1os.\u0026nbsp; En el extremo contario, un 11,6% de las personas con discapacidad severa o total de 12 o m\u00e1s a\u00f1os tienen estudios universitarios o de postgrado, frente al 24,5% en el conjunto de la poblaci\u00f3n de 12 o m\u00e1s a\u00f1os.\u003C\/p\u003E\u003Cp\u003EEl nivel educativo de las personas con discapacidad de 12 o m\u00e1s a\u00f1os es ligeramente superior en las mujeres que en los hombres, alcanza su valor m\u00e1s alto en el grupo de edad de entre 20 y 24 a\u00f1os, en el que el 26,9% cursan estudios universitarios o de postgrado, es mayor en las zonas urbanas que en las rurales, y tambi\u00e9n es mayor en las personas activas, est\u00e9n ocupadas o no, que en las inactivas.\u0026nbsp;\u003C\/p\u003E\u003Cp\u003E\u003Cspan\u003EPor departamentos, los mayores niveles educativos de las personas con discapacidad de 12 y m\u00e1s a\u00f1os se registran en Montevideo y Maldonado, y los menores en Tacuaremb\u00f3 y Cerro Largo.\u0026nbsp; \u0026nbsp; \u0026nbsp; \u0026nbsp; \u0026nbsp; \u0026nbsp; \u0026nbsp; \u0026nbsp; \u0026nbsp; \u0026nbsp; \u0026nbsp; \u0026nbsp; \u0026nbsp; \u0026nbsp; \u0026nbsp; \u0026nbsp;\u003C\/span\u003E\u003C\/p\u003E\u003C\/div\u003E\n\n\u003C!-- END CUSTOM TEMPLATE OUTPUT from \u0027themes\/custom\/sub_noahs_theme\/templates\/form\/container.html.twig\u0027 --\u003E\n\n\u003C\/div\u003E\n\n\u003C!-- END CUSTOM TEMPLATE OUTPUT from \u0027themes\/custom\/sub_noahs_theme\/templates\/form\/container.html.twig\u0027 --\u003E\n\n","settings":null,"effect":"fade","speed":"slow"}]