[{"command":"insert","method":"replaceWith","selector":"#indicator-content-ajax","data":"\n\n\u003C!-- THEME DEBUG --\u003E\n\u003C!-- THEME HOOK: \u0027container\u0027 --\u003E\n\u003C!-- \ud83d\udca1 BEGIN CUSTOM TEMPLATE OUTPUT from \u0027themes\/custom\/sub_noahs_theme\/templates\/form\/container.html.twig\u0027 --\u003E\n\u003Cdiv id=\u0022indicator-content-ajax\u0022 class=\u0022daba-bank-full-main  mb-lg-0\u0022\u003E\n\n\u003C!-- THEME DEBUG --\u003E\n\u003C!-- THEME HOOK: \u0027container\u0027 --\u003E\n\u003C!-- \ud83d\udca1 BEGIN CUSTOM TEMPLATE OUTPUT from \u0027themes\/custom\/sub_noahs_theme\/templates\/form\/container.html.twig\u0027 --\u003E\n\u003Cdiv class=\u0022data-bank-indicator-title text-uppercase fs-5 fw-bold pb-2 mb-lg-0\u0022\u003E\u003Cp\u003EPrincipales resultados\u003C\/p\u003E\n\u003C\/div\u003E\n\n\u003C!-- END CUSTOM TEMPLATE OUTPUT from \u0027themes\/custom\/sub_noahs_theme\/templates\/form\/container.html.twig\u0027 --\u003E\n\n\n\n\u003C!-- THEME DEBUG --\u003E\n\u003C!-- THEME HOOK: \u0027container\u0027 --\u003E\n\u003C!-- \ud83d\udca1 BEGIN CUSTOM TEMPLATE OUTPUT from \u0027themes\/custom\/sub_noahs_theme\/templates\/form\/container.html.twig\u0027 --\u003E\n\u003Cdiv class=\u0022o-field-value mb-lg-0\u0022\u003E\u003Cp\u003ELos resultados de la aplicaci\u00f3n de la ley uruguaya de protecci\u00f3n integral a personas con discapacidad se reflejan en la mejora de la accesibilidad a entornos f\u00edsicos y de transporte, el desarrollo de sistemas educativos inclusivos, la garant\u00eda de derechos laborales y el acceso a beneficios sociales como pensiones y ayudas econ\u00f3micas, aunque la legislaci\u00f3n a\u00fan busca la plena inclusi\u00f3n y la erradicaci\u00f3n de barreras.\u0026nbsp;\u003C\/p\u003E\u003Cp\u003E\u003Cstrong\u003EResultados en el \u00e1mbito laboral:\u003C\/strong\u003E\u003C\/p\u003E\u003Cul\u003E\u003Cli\u003ESupresi\u00f3n de barreras f\u00edsicas: en edificios, \u00e1reas de trabajo y transporte para garantizar la accesibilidad, especialmente en la remodelaci\u00f3n o creaci\u00f3n de nuevos espacios. \u003C\/li\u003E\u003Cli\u003EEstablecimiento de normativas para la contrataci\u00f3n y el mantenimiento de personas con discapacidad en trabajos, fomentando entornos inclusivos y accesibles. \u003C\/li\u003E\u003Cli\u003ELa ley tambi\u00e9n contempla la posibilidad de licencias extraordinarias para los padres que tienen hijos con discapacidades severas.\u0026nbsp;\u003C\/li\u003E\u003C\/ul\u003E\u003Cp\u003E\u003Cstrong\u003EResultados en el \u00e1mbito educativo:\u0026nbsp;\u003C\/strong\u003E\u003C\/p\u003E\u003Cul\u003E\u003Cli\u003ESe ha trabajado para la implementaci\u00f3n de un sistema educativo inclusivo, con formaci\u00f3n docente y generaci\u00f3n de herramientas para garantizar el acceso y el desarrollo de las personas con discapacidad en todos los niveles educativos.\u003C\/li\u003E\u003Cli\u003EEl Estado garantiza el derecho a la educaci\u00f3n con miras a desarrollar el potencial humano y la participaci\u00f3n efectiva de las personas con discapacidad en la sociedad.\u003C\/li\u003E\u003C\/ul\u003E\u003Cp\u003E\u003Cstrong\u003EResultados en el \u00e1mbito de la salud y asistencia social:\u003C\/strong\u003E\u003C\/p\u003E\u003Cul\u003E\u003Cli\u003ESe ha puesto \u00e9nfasis en la mejora del acceso a atenci\u00f3n integral y especializada. \u003C\/li\u003E\u003Cli\u003ELas personas con discapacidad tienen derecho al reconocimiento de su personalidad jur\u00eddica y su capacidad legal en igualdad de condiciones que el resto de los ciudadanos. \u003C\/li\u003E\u003Cli\u003ESe establecen las condiciones para el acceso a la pensi\u00f3n por invalidez para personas con carencia de recursos o discapacidad severa. \u003C\/li\u003E\u003Cli\u003ESe ofrecen contribuciones econ\u00f3micas para pr\u00f3tesis, \u00f3rtesis y ayudas extraordinarias para rehabilitaci\u00f3n.\u0026nbsp;\u003C\/li\u003E\u003C\/ul\u003E\u003Cp\u003E\u003Cstrong\u003EAspectos en proceso de mejora:\u003C\/strong\u003E\u003C\/p\u003E\u003Cul\u003E\u003Cli\u003ELa ley busca la supresi\u00f3n de todas las barreras f\u00edsicas, pero su aplicaci\u00f3n y la erradicaci\u00f3n de la discriminaci\u00f3n requieren un esfuerzo constante. \u003C\/li\u003E\u003Cli\u003ELa plena participaci\u00f3n de las personas con discapacidad en la sociedad sigue siendo una meta que requiere la implementaci\u00f3n continua de medidas y pol\u00edticas.\u003C\/li\u003E\u003C\/ul\u003E\u003C\/div\u003E\n\n\u003C!-- END CUSTOM TEMPLATE OUTPUT from \u0027themes\/custom\/sub_noahs_theme\/templates\/form\/container.html.twig\u0027 --\u003E\n\n\u003C\/div\u003E\n\n\u003C!-- END CUSTOM TEMPLATE OUTPUT from \u0027themes\/custom\/sub_noahs_theme\/templates\/form\/container.html.twig\u0027 --\u003E\n\n","settings":null,"effect":"fade","speed":"slow"}]