[{"command":"insert","method":"replaceWith","selector":"#indicator-content-ajax","data":"\n\n\u003C!-- THEME DEBUG --\u003E\n\u003C!-- THEME HOOK: \u0027container\u0027 --\u003E\n\u003C!-- \ud83d\udca1 BEGIN CUSTOM TEMPLATE OUTPUT from \u0027themes\/custom\/sub_noahs_theme\/templates\/form\/container.html.twig\u0027 --\u003E\n\u003Cdiv id=\u0022indicator-content-ajax\u0022 class=\u0022daba-bank-full-main  mb-lg-0\u0022\u003E\n\n\u003C!-- THEME DEBUG --\u003E\n\u003C!-- THEME HOOK: \u0027container\u0027 --\u003E\n\u003C!-- \ud83d\udca1 BEGIN CUSTOM TEMPLATE OUTPUT from \u0027themes\/custom\/sub_noahs_theme\/templates\/form\/container.html.twig\u0027 --\u003E\n\u003Cdiv class=\u0022data-bank-indicator-title text-uppercase fs-5 fw-bold pb-2 mb-lg-0\u0022\u003E\u003Cp\u003EDefinici\u00f3n y fuentes\u003C\/p\u003E\n\u003C\/div\u003E\n\n\u003C!-- END CUSTOM TEMPLATE OUTPUT from \u0027themes\/custom\/sub_noahs_theme\/templates\/form\/container.html.twig\u0027 --\u003E\n\n\n\n\u003C!-- THEME DEBUG --\u003E\n\u003C!-- THEME HOOK: \u0027container\u0027 --\u003E\n\u003C!-- \ud83d\udca1 BEGIN CUSTOM TEMPLATE OUTPUT from \u0027themes\/custom\/sub_noahs_theme\/templates\/form\/container.html.twig\u0027 --\u003E\n\u003Cdiv class=\u0022o-field-value mb-lg-0\u0022\u003E\u003Cp\u003EAnualmente se publican datos sobre poblaci\u00f3n con discapacidad reconocida por la Comisi\u00f3n Nacional de Valoraci\u00f3n (CONAVA). Se recogen aqu\u00ed los resultados correspondientes a 2023.\u003C\/p\u003E\u003Cp\u003EPor otra parte, en la Encuesta de Condiciones de Vida de 2019 se han incorporado las seis preguntas propuestas por el Grupo de Washington sobre Estad\u00edsticas de Discapacidad en su lista corta. \u0026nbsp;Las preguntas exploran las dificultades para la visi\u00f3n, la audici\u00f3n, la movilidad, la capacidad de recordar y concentrarse, el cuidado personal y la comunicaci\u00f3n, con cuatro categor\u00edas de respuesta: \u201cSin dificultad\u201d, \u201cAlguna dificultad\u201d, \u201cBastantes dificultades\u201d y \u201cNo puede hacerlo\u201d.\u003C\/p\u003E\u003Cp\u003ELa Encuesta de Condiciones de Vida de 2019 se llev\u00f3 a cabo en una muestra de 800 hogares, y recogi\u00f3 informaci\u00f3n sobre los miembros de dichos hogares de 16 o m\u00e1s a\u00f1os. \u0026nbsp;\u003C\/p\u003E\u003Cp\u003EA partir de las respuestas de cada individuo a las seis preguntas del Grupo de Washington, se han identificado cuatro umbrales de discapacidad, de acuerdo con los siguientes criterios:\u003C\/p\u003E\u003Cul\u003E\u003Cli\u003EPara considerar que un individuo supera el umbral 1, como m\u00ednimo debe haber respondido a una cuesti\u00f3n de las seis con \u201cAlguna dificultad\u201d, \u201cBastantes dificultades\u201d o \u201cNo puede hacerlo\u201d.\u003C\/li\u003E\u003Cli\u003EPara considerar que un individuo supera el umbral 2, como m\u00ednimo debe haber respondido a dos cuestiones de las seis con \u201cAlguna dificultad\u201d o a una cuesti\u00f3n con \u201cBastantes dificultades\u201d o \u201cNo lo puede hacer\u201d.\u003C\/li\u003E\u003Cli\u003EPara considerar que un individuo supera el umbral 3, como m\u00ednimo debe haber respondido a una cuesti\u00f3n de las seis con \u201cBastantes dificultades\u201d o \u201cNo puede hacerlo\u201d.\u003C\/li\u003E\u003Cli\u003EPara considerar que un individuo supera el umbral 4, como m\u00ednimo debe haber respondido a una cuesti\u00f3n de las seis con \u201cNo puede hacerlo\u201d.\u003C\/li\u003E\u003C\/ul\u003E\u003Cp\u003ELos resultados de discapacidad en la Encuesta de Condiciones de Vida de 2019 se expresan en t\u00e9rminos relativos (porcentajes). Aqu\u00ed se recogen resultados correspondientes al umbral 3, que considera que una persona tiene discapacidad si ha respondido que tiene \u201cBastantes dificultades\u201d o que \u201cNo puede hacerlo\u201d al menos a una de las seis preguntas, al ser este el umbral m\u00e1s utilizado a los efectos de realizar comparaciones internacionales.\u003C\/p\u003E\u003C\/div\u003E\n\n\u003C!-- END CUSTOM TEMPLATE OUTPUT from \u0027themes\/custom\/sub_noahs_theme\/templates\/form\/container.html.twig\u0027 --\u003E\n\n\u003C\/div\u003E\n\n\u003C!-- END CUSTOM TEMPLATE OUTPUT from \u0027themes\/custom\/sub_noahs_theme\/templates\/form\/container.html.twig\u0027 --\u003E\n\n","settings":null,"effect":"fade","speed":"slow"}]