[{"command":"add_css","data":[{"rel":"stylesheet","media":"all","href":"\/modules\/contrib\/paragraphs\/css\/paragraphs.unpublished.css?tdzxgi"},{"rel":"stylesheet","media":"all","href":"\/themes\/custom\/bootstrap_barrio\/css\/components\/node.css?tdzxgi"}]},{"command":"insert","method":"replaceWith","selector":"#indicator-content-ajax","data":"\n\n\u003C!-- THEME DEBUG --\u003E\n\u003C!-- THEME HOOK: \u0027container\u0027 --\u003E\n\u003C!-- \ud83d\udca1 BEGIN CUSTOM TEMPLATE OUTPUT from \u0027themes\/custom\/sub_noahs_theme\/templates\/form\/container.html.twig\u0027 --\u003E\n\u003Cdiv id=\u0022indicator-content-ajax\u0022 class=\u0022daba-bank-full-main  mb-lg-0\u0022\u003E\n\n\u003C!-- THEME DEBUG --\u003E\n\u003C!-- THEME HOOK: \u0027container\u0027 --\u003E\n\u003C!-- \ud83d\udca1 BEGIN CUSTOM TEMPLATE OUTPUT from \u0027themes\/custom\/sub_noahs_theme\/templates\/form\/container.html.twig\u0027 --\u003E\n\u003Cdiv class=\u0022data-bank-indicator-title text-uppercase fs-5 fw-bold pb-2 mb-lg-0\u0022\u003E\u003Cp\u003EDistribuci\u00f3n geogr\u00e1fica\u003C\/p\u003E\n\u003C\/div\u003E\n\n\u003C!-- END CUSTOM TEMPLATE OUTPUT from \u0027themes\/custom\/sub_noahs_theme\/templates\/form\/container.html.twig\u0027 --\u003E\n\n\n\n\u003C!-- THEME DEBUG --\u003E\n\u003C!-- THEME HOOK: \u0027container\u0027 --\u003E\n\u003C!-- \ud83d\udca1 BEGIN CUSTOM TEMPLATE OUTPUT from \u0027themes\/custom\/sub_noahs_theme\/templates\/form\/container.html.twig\u0027 --\u003E\n\u003Cdiv class=\u0022o-field-value mb-lg-0\u0022\u003E\n\n\u003C!-- THEME DEBUG --\u003E\n\u003C!-- THEME HOOK: \u0027node\u0027 --\u003E\n\u003C!-- FILE NAME SUGGESTIONS:\n   \u25aa\ufe0f node--2157--teaser.html.twig\n   \u25aa\ufe0f node--2157.html.twig\n   \u25aa\ufe0f node--data-sample--teaser.html.twig\n   \u2705 node--data-sample.html.twig\n   \u25aa\ufe0f node--teaser.html.twig\n   \u25aa\ufe0f node.html.twig\n--\u003E\n\u003C!-- \ud83d\udca1 BEGIN CUSTOM TEMPLATE OUTPUT from \u0027themes\/custom\/sub_noahs_theme\/templates\/content\/node--data-sample.html.twig\u0027 --\u003E\n\n\n\u003Carticle class=\u0022node node--type-data-sample node--view-mode-teaser clearfix\u0022\u003E\n    \u003Cdiv class=\u0022node__content clearfix m-0\u0022\u003E\n        \n\n\u003C!-- THEME DEBUG --\u003E\n\u003C!-- THEME HOOK: \u0027container\u0027 --\u003E\n\u003C!-- \ud83d\udca1 BEGIN CUSTOM TEMPLATE OUTPUT from \u0027themes\/custom\/sub_noahs_theme\/templates\/form\/container.html.twig\u0027 --\u003E\n\u003Cdiv class=\u0022field field--name-field-title field--type-string field--label-hidden field__item teaser-title text-primary pb-3 mb-lg-0\u0022\u003E\u003Ca href=\u0022\/datos\/andorra-poblacion-con-discapacidad-distribucion-geografica-conava-2023\u0022\u003EAndorra. Poblaci\u00f3n con discapacidad. Distribuci\u00f3n geogr\u00e1fica (CONAVA 2023)\u003C\/a\u003E\u003C\/div\u003E\n\n\u003C!-- END CUSTOM TEMPLATE OUTPUT from \u0027themes\/custom\/sub_noahs_theme\/templates\/form\/container.html.twig\u0027 --\u003E\n\n\n\n\u003C!-- THEME DEBUG --\u003E\n\u003C!-- THEME HOOK: \u0027field\u0027 --\u003E\n\u003C!-- FILE NAME SUGGESTIONS:\n   \u25aa\ufe0f field--node--field-source-data--data-sample.html.twig\n   \u25aa\ufe0f field--node--field-source-data.html.twig\n   \u25aa\ufe0f field--node--data-sample.html.twig\n   \u25aa\ufe0f field--field-source-data.html.twig\n   \u25aa\ufe0f field--entity-reference-revisions.html.twig\n   \u2705 field.html.twig\n--\u003E\n\u003C!-- BEGIN OUTPUT from \u0027themes\/contrib\/noahs_builder_theme\/templates\/field\/field.html.twig\u0027 --\u003E\n\n            \u003Cdiv class=\u0022field field-field-source-data field-type-entity-reference-revisions field-label-hidden field-item\u0022\u003E\n\n\u003C!-- THEME DEBUG --\u003E\n\u003C!-- THEME HOOK: \u0027paragraph\u0027 --\u003E\n\u003C!-- FILE NAME SUGGESTIONS:\n   \u25aa\ufe0f paragraph--4190.html.twig\n   \u25aa\ufe0f paragraph--html--default.html.twig\n   \u25aa\ufe0f paragraph--html.html.twig\n   \u2705 paragraph--default.html.twig\n   \u25aa\ufe0f paragraph.html.twig\n--\u003E\n\u003C!-- \ud83d\udca1 BEGIN CUSTOM TEMPLATE OUTPUT from \u0027themes\/custom\/sub_noahs_theme\/templates\/paragraph\/paragraph--default.html.twig\u0027 --\u003E\n\n  \u003Cdiv class=\u0022paragraph paragraph--type--html paragraph--view-mode--default\u0022\u003E\n      \u003Cdiv class=\u0022container-fluid p-0\u0022\u003E\n          \n\n\u003C!-- THEME DEBUG --\u003E\n\u003C!-- THEME HOOK: \u0027field\u0027 --\u003E\n\u003C!-- FILE NAME SUGGESTIONS:\n   \u25aa\ufe0f field--paragraph--field-description--html.html.twig\n   \u25aa\ufe0f field--paragraph--field-description.html.twig\n   \u25aa\ufe0f field--paragraph--html.html.twig\n   \u25aa\ufe0f field--field-description.html.twig\n   \u25aa\ufe0f field--text-long.html.twig\n   \u2705 field.html.twig\n--\u003E\n\u003C!-- BEGIN OUTPUT from \u0027themes\/contrib\/noahs_builder_theme\/templates\/field\/field.html.twig\u0027 --\u003E\n\n            \u003Cdiv class=\u0022field field-field-description field-type-text-long field-label-hidden field-item\u0022\u003E\u003Cp\u003E\u0026nbsp;\u003C\/p\u003E\n\u003Ctable style=\u0022width: 766px;\u0022 border=\u00220\u0022 cellspacing=\u00220\u0022 cellpadding=\u00220\u0022\u003E\u003Ccolgroup\u003E\u003Ccol width=\u0022303\u0022 \/\u003E\u003Ccol width=\u0022120\u0022 \/\u003E\u003Ccol span=\u00224\u0022 width=\u002287\u0022 \/\u003E\u003C\/colgroup\u003E\n\u003Ctbody\u003E\n\u003Ctr\u003E\n\u003Ctd class=\u0022xl80\u0022 style=\u0022width: 744px;\u0022 colspan=\u00226\u0022 height=\u002221\u0022\u003E\u003Cstrong\u003EPERSONAS CON DISCAPACIDAD Y PROPORCI\u0026Oacute;N QUE SUPONEN RESPECTO AL CONJUNTO DE LA POBLACI\u0026Oacute;N (PREVALENCIA), POR PARROQUIA DE RESIDENCIA\u003C\/strong\u003E\u003C\/td\u003E\n\u003C\/tr\u003E\n\u003Ctr\u003E\n\u003Ctd class=\u0022xl66\u0022 style=\u0022width: 334.890625px;\u0022 colspan=\u00222\u0022 height=\u0022149\u0022\u003E\u0026nbsp;\u003C\/td\u003E\n\u003Ctd class=\u0022xl68\u0022 style=\u0022width: 153.109375px;\u0022\u003EN\u0026uacute;mero\u003C\/td\u003E\n\u003Ctd class=\u0022xl69\u0022 style=\u0022width: 89px;\u0022\u003EPorcentaje sobre el total de personas con discapacidad\u003C\/td\u003E\n\u003Ctd class=\u0022xl69\u0022 style=\u0022width: 86px;\u0022\u003EPrevalencia\u003C\/td\u003E\n\u003Ctd class=\u0022xl68\u0022 style=\u0022width: 81px;\u0022\u003EPoblaci\u0026oacute;n total (para c\u0026aacute;lculo de prevalencia)\u003C\/td\u003E\n\u003C\/tr\u003E\n\u003Ctr\u003E\n\u003Ctd class=\u0022xl74\u0022 style=\u0022width: 36px;\u0022 rowspan=\u00228\u0022 height=\u0022168\u0022\u003EParroquia\u003C\/td\u003E\n\u003Ctd class=\u0022xl65\u0022 style=\u0022width: 298.890625px;\u0022 align=\u0022left\u0022\u003ECanillo\u003C\/td\u003E\n\u003Ctd class=\u0022xl70\u0022 style=\u0022width: 153.109375px;\u0022 align=\u0022right\u0022\u003E65\u003C\/td\u003E\n\u003Ctd class=\u0022xl71\u0022 style=\u0022width: 89px;\u0022 align=\u0022right\u0022\u003E3,7%\u003C\/td\u003E\n\u003Ctd class=\u0022xl71\u0022 style=\u0022width: 86px;\u0022 align=\u0022right\u0022\u003E1,1%\u003C\/td\u003E\n\u003Ctd class=\u0022xl70\u0022 style=\u0022width: 81px;\u0022 align=\u0022right\u0022\u003E5.781\u003C\/td\u003E\n\u003C\/tr\u003E\n\u003Ctr\u003E\n\u003Ctd class=\u0022xl65\u0022 style=\u0022width: 298.890625px;\u0022 align=\u0022left\u0022 height=\u002221\u0022\u003EEncamp\u003C\/td\u003E\n\u003Ctd class=\u0022xl70\u0022 style=\u0022width: 153.109375px;\u0022 align=\u0022right\u0022\u003E257\u003C\/td\u003E\n\u003Ctd class=\u0022xl71\u0022 style=\u0022width: 89px;\u0022 align=\u0022right\u0022\u003E14,6%\u003C\/td\u003E\n\u003Ctd class=\u0022xl71\u0022 style=\u0022width: 86px;\u0022 align=\u0022right\u0022\u003E2,0%\u003C\/td\u003E\n\u003Ctd class=\u0022xl70\u0022 style=\u0022width: 81px;\u0022 align=\u0022right\u0022\u003E12.826\u003C\/td\u003E\n\u003C\/tr\u003E\n\u003Ctr\u003E\n\u003Ctd class=\u0022xl65\u0022 style=\u0022width: 298.890625px;\u0022 align=\u0022left\u0022 height=\u002221\u0022\u003EOrdino\u003C\/td\u003E\n\u003Ctd class=\u0022xl70\u0022 style=\u0022width: 153.109375px;\u0022 align=\u0022right\u0022\u003E64\u003C\/td\u003E\n\u003Ctd class=\u0022xl71\u0022 style=\u0022width: 89px;\u0022 align=\u0022right\u0022\u003E3,6%\u003C\/td\u003E\n\u003Ctd class=\u0022xl71\u0022 style=\u0022width: 86px;\u0022 align=\u0022right\u0022\u003E1,2%\u003C\/td\u003E\n\u003Ctd class=\u0022xl70\u0022 style=\u0022width: 81px;\u0022 align=\u0022right\u0022\u003E5.440\u003C\/td\u003E\n\u003C\/tr\u003E\n\u003Ctr\u003E\n\u003Ctd class=\u0022xl65\u0022 style=\u0022width: 298.890625px;\u0022 align=\u0022left\u0022 height=\u002221\u0022\u003ELa Massana\u003C\/td\u003E\n\u003Ctd class=\u0022xl70\u0022 style=\u0022width: 153.109375px;\u0022 align=\u0022right\u0022\u003E169\u003C\/td\u003E\n\u003Ctd class=\u0022xl71\u0022 style=\u0022width: 89px;\u0022 align=\u0022right\u0022\u003E9,6%\u003C\/td\u003E\n\u003Ctd class=\u0022xl71\u0022 style=\u0022width: 86px;\u0022 align=\u0022right\u0022\u003E1,5%\u003C\/td\u003E\n\u003Ctd class=\u0022xl70\u0022 style=\u0022width: 81px;\u0022 align=\u0022right\u0022\u003E11.591\u003C\/td\u003E\n\u003C\/tr\u003E\n\u003Ctr\u003E\n\u003Ctd class=\u0022xl65\u0022 style=\u0022width: 298.890625px;\u0022 align=\u0022left\u0022 height=\u002221\u0022\u003EAndorra la Vella\u003C\/td\u003E\n\u003Ctd class=\u0022xl70\u0022 style=\u0022width: 153.109375px;\u0022 align=\u0022right\u0022\u003E650\u003C\/td\u003E\n\u003Ctd class=\u0022xl71\u0022 style=\u0022width: 89px;\u0022 align=\u0022right\u0022\u003E36,8%\u003C\/td\u003E\n\u003Ctd class=\u0022xl71\u0022 style=\u0022width: 86px;\u0022 align=\u0022right\u0022\u003E2,7%\u003C\/td\u003E\n\u003Ctd class=\u0022xl70\u0022 style=\u0022width: 81px;\u0022 align=\u0022right\u0022\u003E24.042\u003C\/td\u003E\n\u003C\/tr\u003E\n\u003Ctr\u003E\n\u003Ctd class=\u0022xl65\u0022 style=\u0022width: 298.890625px;\u0022 align=\u0022left\u0022 height=\u002221\u0022\u003ESant Juli\u0026agrave; de L\u0026ograve;ria\u003C\/td\u003E\n\u003Ctd class=\u0022xl70\u0022 style=\u0022width: 153.109375px;\u0022 align=\u0022right\u0022\u003E237\u003C\/td\u003E\n\u003Ctd class=\u0022xl71\u0022 style=\u0022width: 89px;\u0022 align=\u0022right\u0022\u003E13,4%\u003C\/td\u003E\n\u003Ctd class=\u0022xl71\u0022 style=\u0022width: 86px;\u0022 align=\u0022right\u0022\u003E2,4%\u003C\/td\u003E\n\u003Ctd class=\u0022xl70\u0022 style=\u0022width: 81px;\u0022 align=\u0022right\u0022\u003E9.915\u003C\/td\u003E\n\u003C\/tr\u003E\n\u003Ctr\u003E\n\u003Ctd class=\u0022xl65\u0022 style=\u0022width: 298.890625px;\u0022 align=\u0022left\u0022 height=\u002221\u0022\u003EEscaldes-Engordany\u003C\/td\u003E\n\u003Ctd class=\u0022xl70\u0022 style=\u0022width: 153.109375px;\u0022 align=\u0022right\u0022\u003E320\u003C\/td\u003E\n\u003Ctd class=\u0022xl71\u0022 style=\u0022width: 89px;\u0022 align=\u0022right\u0022\u003E18,1%\u003C\/td\u003E\n\u003Ctd class=\u0022xl71\u0022 style=\u0022width: 86px;\u0022 align=\u0022right\u0022\u003E2,1%\u003C\/td\u003E\n\u003Ctd class=\u0022xl70\u0022 style=\u0022width: 81px;\u0022 align=\u0022right\u0022\u003E15.506\u003C\/td\u003E\n\u003C\/tr\u003E\n\u003Ctr\u003E\n\u003Ctd class=\u0022xl65\u0022 style=\u0022width: 298.890625px;\u0022 align=\u0022left\u0022 height=\u002221\u0022\u003EEspanya\u003C\/td\u003E\n\u003Ctd class=\u0022xl70\u0022 style=\u0022width: 153.109375px;\u0022 align=\u0022right\u0022\u003E2\u003C\/td\u003E\n\u003Ctd class=\u0022xl71\u0022 style=\u0022width: 89px;\u0022 align=\u0022right\u0022\u003E0,1%\u003C\/td\u003E\n\u003Ctd class=\u0022xl72\u0022 style=\u0022width: 86px;\u0022\u003E\u0026nbsp;\u003C\/td\u003E\n\u003Ctd class=\u0022xl73\u0022 style=\u0022width: 81px;\u0022\u003E\u0026nbsp;\u003C\/td\u003E\n\u003C\/tr\u003E\n\u003Ctr\u003E\n\u003Ctd class=\u0022xl76\u0022 style=\u0022width: 334.890625px;\u0022 colspan=\u00222\u0022 height=\u002221\u0022\u003ETOTAL\u003C\/td\u003E\n\u003Ctd class=\u0022xl78\u0022 style=\u0022width: 153.109375px;\u0022 align=\u0022right\u0022\u003E1.764\u003C\/td\u003E\n\u003Ctd class=\u0022xl79\u0022 style=\u0022width: 89px;\u0022 align=\u0022right\u0022\u003E100,0%\u003C\/td\u003E\n\u003Ctd class=\u0022xl79\u0022 style=\u0022width: 86px;\u0022 align=\u0022right\u0022\u003E2,1%\u003C\/td\u003E\n\u003Ctd class=\u0022xl78\u0022 style=\u0022width: 81px;\u0022 align=\u0022right\u0022\u003E85.101\u003C\/td\u003E\n\u003C\/tr\u003E\n\u003Ctr\u003E\n\u003Ctd class=\u0022xl81\u0022 style=\u0022width: 744px;\u0022 colspan=\u00226\u0022 height=\u002221\u0022\u003E\u003Cem\u003EFuente: CONAVA, 2023\u003C\/em\u003E\u003C\/td\u003E\n\u003C\/tr\u003E\n\u003C\/tbody\u003E\n\u003C\/table\u003E\u003C\/div\u003E\n      \n\u003C!-- END OUTPUT from \u0027themes\/contrib\/noahs_builder_theme\/templates\/field\/field.html.twig\u0027 --\u003E\n\n\n          \u003C\/div\u003E\n  \u003C\/div\u003E\n\n\u003C!-- END CUSTOM TEMPLATE OUTPUT from \u0027themes\/custom\/sub_noahs_theme\/templates\/paragraph\/paragraph--default.html.twig\u0027 --\u003E\n\n\u003C\/div\u003E\n      \n\u003C!-- END OUTPUT from \u0027themes\/contrib\/noahs_builder_theme\/templates\/field\/field.html.twig\u0027 --\u003E\n\n\n\n\u003C!-- THEME DEBUG --\u003E\n\u003C!-- THEME HOOK: \u0027pseudo_field\u0027 --\u003E\n\u003C!-- \ud83d\udca1 BEGIN CUSTOM TEMPLATE OUTPUT from \u0027themes\/custom\/sub_noahs_theme\/templates\/field\/pseudo-field.html.twig\u0027 --\u003E\n\n\u003Cdiv class=\u0022field field-pseudo-social-sharing pt-3\u0022\u003E\n  \u003Cdiv class=\u0022pt-3 border-top border-primary\u0022\u003E\n\n\u003C!-- THEME DEBUG --\u003E\n\u003C!-- THEME HOOK: \u0027item_list\u0027 --\u003E\n\u003C!-- BEGIN OUTPUT from \u0027core\/modules\/system\/templates\/item-list.html.twig\u0027 --\u003E\n\u003Ch3\u003ECompartir:\u003C\/h3\u003E\u003Cul class=\u0022share-container__items d-flex gap-3 flex-column flex-sm-row\u0022\u003E\u003Cli class=\u0022share-container__item border-0 rounded-0 p-0 col-12 col-sm-auto share-container__item-facebook\u0022\u003E\u003Ca href=\u0022https:\/\/www.facebook.com\/sharer\/sharer.php?u=https%3A\/\/odismet.org\/datos\/andorra-poblacion-con-discapacidad-distribucion-geografica-conava-2023\u0022 class=\u0022text-white share-link px-3 py-2 lh-sm\u0022 target=\u0022_blank\u0022\u003EFacebook\u003C\/a\u003E\u003C\/li\u003E\u003Cli class=\u0022share-container__item border-0 rounded-0 p-0 col-12 col-sm-auto share-container__item-twitter\u0022\u003E\u003Ca href=\u0022https:\/\/twitter.com\/intent\/tweet?text=Andorra.%20Poblaci%C3%B3n%20con%20discapacidad.%20Distribuci%C3%B3n%20geogr%C3%A1fica%20%28CONAVA%202023%29\u0026amp;url=https%3A\/\/odismet.org\/datos\/andorra-poblacion-con-discapacidad-distribucion-geografica-conava-2023\u0022 class=\u0022text-white share-link px-3 py-2 lh-sm\u0022 target=\u0022_blank\u0022\u003ETwitter\u003C\/a\u003E\u003C\/li\u003E\u003Cli class=\u0022share-container__item border-0 rounded-0 p-0 col-12 col-sm-auto share-container__item-linkedin\u0022\u003E\u003Ca href=\u0022https:\/\/www.linkedin.com\/shareArticle?mini=true\u0026amp;url=https%3A\/\/odismet.org\/datos\/andorra-poblacion-con-discapacidad-distribucion-geografica-conava-2023\u0026amp;title=Andorra.%20Poblaci%C3%B3n%20con%20discapacidad.%20Distribuci%C3%B3n%20geogr%C3%A1fica%20%28CONAVA%202023%29\u0022 class=\u0022text-white share-link px-3 py-2 lh-sm\u0022 target=\u0022_blank\u0022\u003ELinkedin\u003C\/a\u003E\u003C\/li\u003E\u003C\/ul\u003E\n\u003C!-- END OUTPUT from \u0027core\/modules\/system\/templates\/item-list.html.twig\u0027 --\u003E\n\n\n\u003C\/div\u003E\n\n\u003C!-- END CUSTOM TEMPLATE OUTPUT from \u0027themes\/custom\/sub_noahs_theme\/templates\/field\/pseudo-field.html.twig\u0027 --\u003E\n\n\n    \u003C\/div\u003E\n\u003C\/article\u003E\n\n\n\u003C!-- END CUSTOM TEMPLATE OUTPUT from \u0027themes\/custom\/sub_noahs_theme\/templates\/content\/node--data-sample.html.twig\u0027 --\u003E\n\n\u003C\/div\u003E\n\n\u003C!-- END CUSTOM TEMPLATE OUTPUT from \u0027themes\/custom\/sub_noahs_theme\/templates\/form\/container.html.twig\u0027 --\u003E\n\n\u003C\/div\u003E\n\n\u003C!-- END CUSTOM TEMPLATE OUTPUT from \u0027themes\/custom\/sub_noahs_theme\/templates\/form\/container.html.twig\u0027 --\u003E\n\n","settings":null,"effect":"fade","speed":"slow"}]