[{"command":"insert","method":"replaceWith","selector":"#indicator-content-ajax","data":"\n\n\u003C!-- THEME DEBUG --\u003E\n\u003C!-- THEME HOOK: \u0027container\u0027 --\u003E\n\u003C!-- \ud83d\udca1 BEGIN CUSTOM TEMPLATE OUTPUT from \u0027themes\/custom\/sub_noahs_theme\/templates\/form\/container.html.twig\u0027 --\u003E\n\u003Cdiv id=\u0022indicator-content-ajax\u0022 class=\u0022daba-bank-full-main  mb-lg-0\u0022\u003E\n\n\u003C!-- THEME DEBUG --\u003E\n\u003C!-- THEME HOOK: \u0027container\u0027 --\u003E\n\u003C!-- \ud83d\udca1 BEGIN CUSTOM TEMPLATE OUTPUT from \u0027themes\/custom\/sub_noahs_theme\/templates\/form\/container.html.twig\u0027 --\u003E\n\u003Cdiv class=\u0022data-bank-indicator-title text-uppercase fs-5 fw-bold pb-2 mb-lg-0\u0022\u003E\u003Cp\u003EPrincipales resultados\u003C\/p\u003E\n\u003C\/div\u003E\n\n\u003C!-- END CUSTOM TEMPLATE OUTPUT from \u0027themes\/custom\/sub_noahs_theme\/templates\/form\/container.html.twig\u0027 --\u003E\n\n\n\n\u003C!-- THEME DEBUG --\u003E\n\u003C!-- THEME HOOK: \u0027container\u0027 --\u003E\n\u003C!-- \ud83d\udca1 BEGIN CUSTOM TEMPLATE OUTPUT from \u0027themes\/custom\/sub_noahs_theme\/templates\/form\/container.html.twig\u0027 --\u003E\n\u003Cdiv class=\u0022o-field-value mb-lg-0\u0022\u003E\u003Cp\u003ELa prevalencia de la discapacidad oficialmente reconocida en Andorra es del 2,1% a 31 de diciembre de 2023 (1.764 personas con discapacidad reconocida en una poblaci\u00f3n total de 85.101 habitantes) y es algo mayor en los hombres (2,2%) que en las mujeres (1,9%).\u003C\/p\u003E\u003Cp\u003ELa aplicaci\u00f3n de los criterios propuestos por el Grupo de Washington para medir la discapacidad a la muestra de la Encuesta de Condiciones de Vida de 2019 permite concluir que la presencia real de la discapacidad en la poblaci\u00f3n andorrana es mayor (el 5,8% de la poblaci\u00f3n de 16 y m\u00e1s a\u00f1os tendr\u00edan bastantes dificultades o no podr\u00edan realizar al menos una de las seis actividades incluidas en la lista corta del Grupo de Washington). En este caso, la prevalencia es claramente m\u00e1s elevada en las mujeres (7,0%) que en los hombres (4,5%) y crece con la edad, llegando al 32,8% entre los mayores de 75 a\u00f1os.\u003C\/p\u003E\u003C\/div\u003E\n\n\u003C!-- END CUSTOM TEMPLATE OUTPUT from \u0027themes\/custom\/sub_noahs_theme\/templates\/form\/container.html.twig\u0027 --\u003E\n\n\u003C\/div\u003E\n\n\u003C!-- END CUSTOM TEMPLATE OUTPUT from \u0027themes\/custom\/sub_noahs_theme\/templates\/form\/container.html.twig\u0027 --\u003E\n\n","settings":null,"effect":"fade","speed":"slow"}]