[{"command":"insert","method":"replaceWith","selector":"#indicator-content-ajax","data":"\n\n\u003C!-- THEME DEBUG --\u003E\n\u003C!-- THEME HOOK: \u0027container\u0027 --\u003E\n\u003C!-- \ud83d\udca1 BEGIN CUSTOM TEMPLATE OUTPUT from \u0027themes\/custom\/sub_noahs_theme\/templates\/form\/container.html.twig\u0027 --\u003E\n\u003Cdiv id=\u0022indicator-content-ajax\u0022 class=\u0022daba-bank-full-main  mb-lg-0\u0022\u003E\n\n\u003C!-- THEME DEBUG --\u003E\n\u003C!-- THEME HOOK: \u0027container\u0027 --\u003E\n\u003C!-- \ud83d\udca1 BEGIN CUSTOM TEMPLATE OUTPUT from \u0027themes\/custom\/sub_noahs_theme\/templates\/form\/container.html.twig\u0027 --\u003E\n\u003Cdiv class=\u0022data-bank-indicator-title text-uppercase fs-5 fw-bold pb-2 mb-lg-0\u0022\u003E\u003Cp\u003EDefinici\u00f3n y fuentes\u003C\/p\u003E\n\u003C\/div\u003E\n\n\u003C!-- END CUSTOM TEMPLATE OUTPUT from \u0027themes\/custom\/sub_noahs_theme\/templates\/form\/container.html.twig\u0027 --\u003E\n\n\n\n\u003C!-- THEME DEBUG --\u003E\n\u003C!-- THEME HOOK: \u0027container\u0027 --\u003E\n\u003C!-- \ud83d\udca1 BEGIN CUSTOM TEMPLATE OUTPUT from \u0027themes\/custom\/sub_noahs_theme\/templates\/form\/container.html.twig\u0027 --\u003E\n\u003Cdiv class=\u0022o-field-value mb-lg-0\u0022\u003E\u003Cp\u003ELa tasa de empleo representa la relaci\u00f3n entre la poblaci\u00f3n ocupada y el total de la poblaci\u00f3n en edad de trabajar (la Encuesta Nacional de Discapacidad y Dependencia 2022, ENDIDE, consider\u00f3 que estaban en edad de trabajar las personas de 15 y m\u00e1s a\u00f1os).\u0026nbsp;\u003C\/p\u003E\u003Cp\u003ESe consideran ocupadas las personas que trabajaron por lo menos una hora en la semana anterior al d\u00eda de realizaci\u00f3n de la encuesta sin contar las tareas de su hogar, entendiendo por trabajar la realizaci\u00f3n de cualquier actividad que genere bienes o servicios para el mercado, independientemente de su retribuci\u00f3n. La ENDIDE considera tambi\u00e9n ocupadas a las personas que, aunque no hubieran trabajado la semana anterior, ten\u00edan alg\u00fan empleo, negocio u otra actividad del cual estuvieron ausentes temporalmente por licencia, permiso postnatal parental, huelga, enfermedad, vacaciones, suspensi\u00f3n temporal u otra raz\u00f3n.\u003C\/p\u003E\u003Cp\u003E\u003Cstrong\u003EFuente:\u003C\/strong\u003E\u003Cspan\u003E\u003Cstrong\u003E\u0026nbsp;\u0026nbsp;\u0026nbsp;\u0026nbsp;\u0026nbsp;\u0026nbsp;\u0026nbsp;\u0026nbsp;\u0026nbsp;\u0026nbsp;\u0026nbsp;\u0026nbsp;\u0026nbsp;\u0026nbsp;\u0026nbsp;\u003C\/strong\u003E\u003C\/span\u003E\u003C\/p\u003E\u003Cp\u003EMinisterio de Desarrollo Social y Familia, Servicio Nacional de la Discapacidad (Senadis) y Servicio Nacional del Adulto Mayor (Senama): Encuesta Nacional de Discapacidad y Dependencia, ENDIDE 2022.\u003C\/p\u003E\u003Cp\u003E\u003Cstrong\u003EMetodolog\u00eda:\u003C\/strong\u003E\u003C\/p\u003E\u003Cp\u003E\u003Cspan\u003EElaboraci\u00f3n propia a partir de los microdatos publicados para uso estad\u00edstico.\u0026nbsp;\u0026nbsp;\u0026nbsp;\u0026nbsp;\u0026nbsp;\u0026nbsp;\u0026nbsp;\u0026nbsp;\u0026nbsp;\u0026nbsp;\u0026nbsp;\u0026nbsp;\u003C\/span\u003E\u003C\/p\u003E\u003C\/div\u003E\n\n\u003C!-- END CUSTOM TEMPLATE OUTPUT from \u0027themes\/custom\/sub_noahs_theme\/templates\/form\/container.html.twig\u0027 --\u003E\n\n\u003C\/div\u003E\n\n\u003C!-- END CUSTOM TEMPLATE OUTPUT from \u0027themes\/custom\/sub_noahs_theme\/templates\/form\/container.html.twig\u0027 --\u003E\n\n","settings":null,"effect":"fade","speed":"slow"}]