[{"command":"insert","method":"replaceWith","selector":"#indicator-content-ajax","data":"\n\n\u003C!-- THEME DEBUG --\u003E\n\u003C!-- THEME HOOK: \u0027container\u0027 --\u003E\n\u003C!-- \ud83d\udca1 BEGIN CUSTOM TEMPLATE OUTPUT from \u0027themes\/custom\/sub_noahs_theme\/templates\/form\/container.html.twig\u0027 --\u003E\n\u003Cdiv id=\u0022indicator-content-ajax\u0022 class=\u0022daba-bank-full-main  mb-lg-0\u0022\u003E\n\n\u003C!-- THEME DEBUG --\u003E\n\u003C!-- THEME HOOK: \u0027container\u0027 --\u003E\n\u003C!-- \ud83d\udca1 BEGIN CUSTOM TEMPLATE OUTPUT from \u0027themes\/custom\/sub_noahs_theme\/templates\/form\/container.html.twig\u0027 --\u003E\n\u003Cdiv class=\u0022data-bank-indicator-title text-uppercase fs-5 fw-bold pb-2 mb-lg-0\u0022\u003E\u003Cp\u003EPrincipales resultados\u003C\/p\u003E\n\u003C\/div\u003E\n\n\u003C!-- END CUSTOM TEMPLATE OUTPUT from \u0027themes\/custom\/sub_noahs_theme\/templates\/form\/container.html.twig\u0027 --\u003E\n\n\n\n\u003C!-- THEME DEBUG --\u003E\n\u003C!-- THEME HOOK: \u0027container\u0027 --\u003E\n\u003C!-- \ud83d\udca1 BEGIN CUSTOM TEMPLATE OUTPUT from \u0027themes\/custom\/sub_noahs_theme\/templates\/form\/container.html.twig\u0027 --\u003E\n\u003Cdiv class=\u0022o-field-value mb-lg-0\u0022\u003E\u003Cp\u003ESeg\u00fan la Encuesta Nacional de Discapacidad y Dependencia 2022 (ENDIDE), la tasa de empleo de la poblaci\u00f3n con discapacidad de 15 y m\u00e1s a\u00f1os en Chile es del 38,1%. La tasa de empleo es considerablemente mayor entre los hombres con discapacidad (44,9%) que entre las mujeres con discapacidad (34,1%) y alcanza su m\u00e1ximo, con valores cercanos al 70%, entre los 35 y los 44 a\u00f1os. La tasa de empleo aumenta con el nivel de estudios, pasando del 4,8% en el caso de personas con discapacidad sin educaci\u00f3n formal al 70,2% para las personas con discapacidad que han completado estudios superiores.\u003Cspan\u003E\u0026nbsp; \u003C\/span\u003ETambi\u00e9n es mayor conforme aumenta el ingreso per c\u00e1pita (pasa del 19,0% entre las personas con discapacidad pertenecientes a primer quintil de ingresos al 61,9% entre las del quinto quintil), y es m\u00e1s alta en las zonas urbanas (39,3%) que en las rurales (28,3%).\u003C\/p\u003E\u003Cp\u003ELa tasa de empleo es mayor entre las personas con discapacidad leve o moderada (52,0%) que entre quienes tienen discapacidad severa (30,4%), y var\u00eda bastante seg\u00fan los tipos de condici\u00f3n permanente o de larga duraci\u00f3n declarados, con los niveles m\u00e1s bajos entre quienes tienen mudez o dificultad en el habla (10,8%) y dificultad mental o intelectual (12,3%), y los m\u00e1s altos entre quienes no han especificado el tipo de condici\u00f3n permanente que presentan (49,7%) y entre quienes tienen dificultades de car\u00e1cter psiqui\u00e1trico (34,8%).\u003C\/p\u003E\u003Cp\u003EAl desagregar los datos por regiones, la mayor tasa de empleo se da en Ays\u00e9n (50,6%) y en la Regi\u00f3n Metropolitana (44,5%), y la menor en Coquimbo (15,5%).\u003C\/p\u003E\u003C\/div\u003E\n\n\u003C!-- END CUSTOM TEMPLATE OUTPUT from \u0027themes\/custom\/sub_noahs_theme\/templates\/form\/container.html.twig\u0027 --\u003E\n\n\u003C\/div\u003E\n\n\u003C!-- END CUSTOM TEMPLATE OUTPUT from \u0027themes\/custom\/sub_noahs_theme\/templates\/form\/container.html.twig\u0027 --\u003E\n\n","settings":null,"effect":"fade","speed":"slow"}]