[{"command":"insert","method":"replaceWith","selector":"#indicator-content-ajax","data":"\n\n\u003C!-- THEME DEBUG --\u003E\n\u003C!-- THEME HOOK: \u0027container\u0027 --\u003E\n\u003C!-- \ud83d\udca1 BEGIN CUSTOM TEMPLATE OUTPUT from \u0027themes\/custom\/sub_noahs_theme\/templates\/form\/container.html.twig\u0027 --\u003E\n\u003Cdiv id=\u0022indicator-content-ajax\u0022 class=\u0022daba-bank-full-main  mb-lg-0\u0022\u003E\n\n\u003C!-- THEME DEBUG --\u003E\n\u003C!-- THEME HOOK: \u0027container\u0027 --\u003E\n\u003C!-- \ud83d\udca1 BEGIN CUSTOM TEMPLATE OUTPUT from \u0027themes\/custom\/sub_noahs_theme\/templates\/form\/container.html.twig\u0027 --\u003E\n\u003Cdiv class=\u0022data-bank-indicator-title text-uppercase fs-5 fw-bold pb-2 mb-lg-0\u0022\u003E\u003Cp\u003EPrincipales resultados\u003C\/p\u003E\n\u003C\/div\u003E\n\n\u003C!-- END CUSTOM TEMPLATE OUTPUT from \u0027themes\/custom\/sub_noahs_theme\/templates\/form\/container.html.twig\u0027 --\u003E\n\n\n\n\u003C!-- THEME DEBUG --\u003E\n\u003C!-- THEME HOOK: \u0027container\u0027 --\u003E\n\u003C!-- \ud83d\udca1 BEGIN CUSTOM TEMPLATE OUTPUT from \u0027themes\/custom\/sub_noahs_theme\/templates\/form\/container.html.twig\u0027 --\u003E\n\u003Cdiv class=\u0022o-field-value mb-lg-0\u0022\u003E\u003Cp\u003ESeg\u00fan la Encuesta Nacional de Discapacidad y Dependencia 2022 (ENDIDE), la tasa de desempleo de la poblaci\u00f3n con discapacidad de 15 y m\u00e1s a\u00f1os en Chile es del 9,3%. La tasa de desempleo es mayor entre las mujeres con discapacidad (10,3%) que entre los hombres con discapacidad (7,9) y es muy alta entre los menores de 18 a\u00f1os (62, %), para descender conforme aumenta la edad hasta alcanzar su valor m\u00ednimo entre los 35 y los 44 a\u00f1os (6,1%) y repuntar despu\u00e9s levemente.\u0026nbsp;\u003C\/p\u003E\u003Cp\u003E\u003Cspan\u003ELa tasa de desempleo var\u00eda con el nivel de estudios de las personas con discapacidad, con valores bajos en los extremos de la escala (3,9% entre las personas sin educaci\u00f3n formal, y 5,9% entre las personas con educaci\u00f3n superior completa) y en las personas con educaci\u00f3n b\u00e1sica (4,3% \u0026nbsp;entre quienes tienen educaci\u00f3n b\u00e1sica completa y 7,5% entre los que tienen\u0026nbsp; educaci\u00f3n b\u00e1sica incompleta), y valores m\u00e1s altos entre las personas con estudios medios o educaci\u00f3n superior incompleta, grupo en el que alcanza el 14,1%.\u003C\/span\u003E\u003C\/p\u003E\u003Cp\u003E\u003Cspan\u003ELa tasa de desempleo disminuye conforme aumenta el ingreso per c\u00e1pita (pasa del 24,0% entre las personas con discapacidad pertenecientes a primer quintil de ingresos al 3,4% entre las del quinto quintil), y es m\u00e1s alta en las zonas urbanas (9,6%) que en las rurales (6,2%).\u003C\/span\u003E\u003C\/p\u003E\u003Cp\u003E\u003Cspan\u003ELa tasa de desempleo es menor entre las personas con discapacidad leve o moderada (7,3%) que entre quienes tienen discapacidad severa (11,1%), y var\u00eda bastante seg\u00fan los tipos de condici\u00f3n permanente o de larga duraci\u00f3n declarados, con los niveles m\u00e1s altos entre quienes tienen mudez o dificultad en el habla (31,3%) y dificultad mental o intelectual (29,0%), y los m\u00e1s bajos entre quienes no han especificado el tipo de condici\u00f3n permanente que presentan (7,5%) y entre quienes tienen dificultades f\u00edsicas y de movilidad (9,6%) o sordera o dificultad para o\u00edr (9,8%).\u003C\/span\u003E\u003C\/p\u003E\u003Cp\u003E\u003Cspan\u003EAl desagregar los datos por regiones, las mayores tasas de desempleo de las personas con discapacidad se dan en Tarapac\u00e1 (16,8%) y en Antofagasta (15,4%), y la menor en Ays\u00e9n (4,7%).\u003C\/span\u003E\u003C\/p\u003E\u003C\/div\u003E\n\n\u003C!-- END CUSTOM TEMPLATE OUTPUT from \u0027themes\/custom\/sub_noahs_theme\/templates\/form\/container.html.twig\u0027 --\u003E\n\n\u003C\/div\u003E\n\n\u003C!-- END CUSTOM TEMPLATE OUTPUT from \u0027themes\/custom\/sub_noahs_theme\/templates\/form\/container.html.twig\u0027 --\u003E\n\n","settings":null,"effect":"fade","speed":"slow"}]