[{"command":"insert","method":"replaceWith","selector":"#indicator-content-ajax","data":"\n\n\u003C!-- THEME DEBUG --\u003E\n\u003C!-- THEME HOOK: \u0027container\u0027 --\u003E\n\u003C!-- \ud83d\udca1 BEGIN CUSTOM TEMPLATE OUTPUT from \u0027themes\/custom\/sub_noahs_theme\/templates\/form\/container.html.twig\u0027 --\u003E\n\u003Cdiv id=\u0022indicator-content-ajax\u0022 class=\u0022daba-bank-full-main  mb-lg-0\u0022\u003E\n\n\u003C!-- THEME DEBUG --\u003E\n\u003C!-- THEME HOOK: \u0027container\u0027 --\u003E\n\u003C!-- \ud83d\udca1 BEGIN CUSTOM TEMPLATE OUTPUT from \u0027themes\/custom\/sub_noahs_theme\/templates\/form\/container.html.twig\u0027 --\u003E\n\u003Cdiv class=\u0022data-bank-indicator-title text-uppercase fs-5 fw-bold pb-2 mb-lg-0\u0022\u003E\u003Cp\u003EPrincipales resultados\u003C\/p\u003E\n\u003C\/div\u003E\n\n\u003C!-- END CUSTOM TEMPLATE OUTPUT from \u0027themes\/custom\/sub_noahs_theme\/templates\/form\/container.html.twig\u0027 --\u003E\n\n\n\n\u003C!-- THEME DEBUG --\u003E\n\u003C!-- THEME HOOK: \u0027container\u0027 --\u003E\n\u003C!-- \ud83d\udca1 BEGIN CUSTOM TEMPLATE OUTPUT from \u0027themes\/custom\/sub_noahs_theme\/templates\/form\/container.html.twig\u0027 --\u003E\n\u003Cdiv class=\u0022o-field-value mb-lg-0\u0022\u003E\u003Cp\u003ESeg\u00fan la Encuesta Nacional de Discapacidad y Dependencia 2022 (ENDIDE), el 66,2% de las personas con discapacidad ocupadas son asalariadas, el 31,1% trabajan por cuenta propia, el 2,3% son patrones o empleadores y el 0,3% trabajan como familiares no remunerados. En comparaci\u00f3n con el conjunto de la poblaci\u00f3n ocupada, entre las personas con discapacidad ocupadas hay una mayor proporci\u00f3n de trabajadores por cuenta propia (31,1% frente a 27,0%) y una proporci\u00f3n menor de asalariados (66,2% frente a 69,6%) y de patrones o empleadores (2,3% frente a 3,1%). La proporci\u00f3n de familiares no remunerados es la misma en ambas poblaciones.\u003C\/p\u003E\u003Cp\u003ELa proporci\u00f3n de personas con discapacidad ocupadas que trabajan por cuenta propia es algo mayor entre los hombres que entre las mujeres (32,0% frente al 30,4%), crece a medida que aumenta la edad (llegando a ser el 60% entre los mayores de 65 a\u00f1os), es particularmente alta entre quienes no tienen educaci\u00f3n formal (72,1%) y entre quienes se sit\u00faan en el primer quintil de la distribuci\u00f3n de ingreso per c\u00e1pita (55,6%), y es m\u00e1s alta en las \u00e1reas rurales que en las urbanas (36,4% frente a 30,6%). Las proporciones de asalariado y de patrones o empleadores tienden a comportarse de forma inversa, mientras que la de familiares no remunerados presenta escasas oscilaciones, salvo en el grupo de los que tienen entre 15 y 17 a\u00f1os, donde se eleva hasta el 31,8%.\u003C\/p\u003E\u003Cp\u003EPor regiones, destacan los altos porcentajes de patrones o empleadores en \u00d1uble (10,1%), de trabajadores por cuenta propia en Tarapac\u00e1 (43,7%) y Atacama (41,2%), de asalariados en Los Lagos (75,8%), Biob\u00edo (72,8%) y El Maule (71,6%), y de familiares no remunerados en Arica y Parinacota (5,1%).\u0026nbsp;\u003C\/p\u003E\u003C\/div\u003E\n\n\u003C!-- END CUSTOM TEMPLATE OUTPUT from \u0027themes\/custom\/sub_noahs_theme\/templates\/form\/container.html.twig\u0027 --\u003E\n\n\u003C\/div\u003E\n\n\u003C!-- END CUSTOM TEMPLATE OUTPUT from \u0027themes\/custom\/sub_noahs_theme\/templates\/form\/container.html.twig\u0027 --\u003E\n\n","settings":null,"effect":"fade","speed":"slow"}]