[{"command":"insert","method":"replaceWith","selector":"#indicator-content-ajax","data":"\n\n\u003C!-- THEME DEBUG --\u003E\n\u003C!-- THEME HOOK: \u0027container\u0027 --\u003E\n\u003C!-- \ud83d\udca1 BEGIN CUSTOM TEMPLATE OUTPUT from \u0027themes\/custom\/sub_noahs_theme\/templates\/form\/container.html.twig\u0027 --\u003E\n\u003Cdiv id=\u0022indicator-content-ajax\u0022 class=\u0022daba-bank-full-main  mb-lg-0\u0022\u003E\n\n\u003C!-- THEME DEBUG --\u003E\n\u003C!-- THEME HOOK: \u0027container\u0027 --\u003E\n\u003C!-- \ud83d\udca1 BEGIN CUSTOM TEMPLATE OUTPUT from \u0027themes\/custom\/sub_noahs_theme\/templates\/form\/container.html.twig\u0027 --\u003E\n\u003Cdiv class=\u0022data-bank-indicator-title text-uppercase fs-5 fw-bold pb-2 mb-lg-0\u0022\u003E\u003Cp\u003EDefinici\u00f3n y fuentes\u003C\/p\u003E\n\u003C\/div\u003E\n\n\u003C!-- END CUSTOM TEMPLATE OUTPUT from \u0027themes\/custom\/sub_noahs_theme\/templates\/form\/container.html.twig\u0027 --\u003E\n\n\n\n\u003C!-- THEME DEBUG --\u003E\n\u003C!-- THEME HOOK: \u0027container\u0027 --\u003E\n\u003C!-- \ud83d\udca1 BEGIN CUSTOM TEMPLATE OUTPUT from \u0027themes\/custom\/sub_noahs_theme\/templates\/form\/container.html.twig\u0027 --\u003E\n\u003Cdiv class=\u0022o-field-value mb-lg-0\u0022\u003E\u003Cp\u003ELa Encuesta Nacional de Discapacidad y Dependencia 2022 (ENDIDE) incluye informaci\u00f3n sobre el nivel de escolaridad alcanzado, con una categorizaci\u00f3n agregada que contempla los siguientes niveles:\u0026nbsp;\u003C\/p\u003E\u003Cul\u003E\u003Cli\u003EDesconocido\u003Cspan\u003E \u003C\/span\u003E\u003C\/li\u003E\u003Cli\u003ESin educaci\u00f3n formal\u003Cspan\u003E\u0026nbsp;\u0026nbsp;\u0026nbsp;\u0026nbsp;\u0026nbsp;\u0026nbsp;\u0026nbsp;\u0026nbsp;\u0026nbsp;\u0026nbsp;\u0026nbsp;\u0026nbsp;\u0026nbsp;\u0026nbsp;\u0026nbsp; \u003C\/span\u003E\u003C\/li\u003E\u003Cli\u003EB\u00e1sica incompleta\u003Cspan\u003E\u0026nbsp;\u0026nbsp;\u0026nbsp;\u0026nbsp; \u003C\/span\u003E\u003C\/li\u003E\u003Cli\u003EB\u00e1sica completa\u003Cspan\u003E\u0026nbsp;\u0026nbsp;\u0026nbsp;\u0026nbsp;\u0026nbsp;\u0026nbsp;\u0026nbsp;\u0026nbsp;\u0026nbsp; \u003C\/span\u003E\u003C\/li\u003E\u003Cli\u003EMedia incompleta\u003Cspan\u003E\u0026nbsp;\u0026nbsp;\u0026nbsp;\u0026nbsp;\u0026nbsp;\u0026nbsp; \u003C\/span\u003E\u003C\/li\u003E\u003Cli\u003EMedia completa\u003Cspan\u003E\u0026nbsp;\u0026nbsp;\u0026nbsp;\u0026nbsp;\u0026nbsp;\u0026nbsp;\u0026nbsp;\u0026nbsp;\u0026nbsp;\u0026nbsp;\u0026nbsp; \u003C\/span\u003E\u003C\/li\u003E\u003Cli\u003ESuperior incompleta\u003C\/li\u003E\u003Cli\u003ESuperior completa\u003C\/li\u003E\u003C\/ul\u003E\u003Cp\u003EA partir de esa categorizaci\u00f3n, hemos utilizado una tipolog\u00eda m\u00e1s simplificada, basada en el m\u00e1ximo nivel educativo completado, que es la siguiente:\u003C\/p\u003E\u003Cp\u003EM\u00e1ximo nivel de estudios completado:\u003C\/p\u003E\u003Cul\u003E\u003Cli\u003EDesconocido\u003Cspan\u003E \u003C\/span\u003E\u003C\/li\u003E\u003Cli\u003ENo tiene educaci\u00f3n formal o no ha completado formaci\u00f3n b\u00e1sica\u003Cspan\u003E\u0026nbsp;\u0026nbsp;\u0026nbsp;\u0026nbsp;\u0026nbsp;\u0026nbsp;\u0026nbsp;\u0026nbsp;\u0026nbsp; \u003C\/span\u003E\u003C\/li\u003E\u003Cli\u003EHa completado formaci\u00f3n b\u00e1sica\u003Cspan\u003E\u0026nbsp; \u003C\/span\u003E\u003C\/li\u003E\u003Cli\u003EHa completado formaci\u00f3n media\u003Cspan\u003E\u0026nbsp;\u0026nbsp; \u003C\/span\u003E\u003C\/li\u003E\u003Cli\u003EHa completado formaci\u00f3n superior\u003Cspan\u003E\u0026nbsp;\u0026nbsp;\u0026nbsp;\u0026nbsp;\u0026nbsp;\u0026nbsp;\u0026nbsp;\u0026nbsp;\u0026nbsp;\u0026nbsp;\u0026nbsp;\u0026nbsp;\u0026nbsp;\u0026nbsp;\u0026nbsp;\u0026nbsp;\u003C\/span\u003E\u003C\/li\u003E\u003C\/ul\u003E\u003Cp\u003EEste indicador se refiere a la poblaci\u00f3n con discapacidad de 15 y m\u00e1s a\u00f1os.\u003Cspan\u003E\u0026nbsp;\u003C\/span\u003E\u003C\/p\u003E\u003Cp\u003E\u003Cstrong\u003EFuente:\u003C\/strong\u003E\u003Cspan\u003E\u003Cstrong\u003E\u0026nbsp;\u0026nbsp;\u0026nbsp;\u0026nbsp;\u0026nbsp;\u0026nbsp;\u0026nbsp;\u0026nbsp;\u0026nbsp;\u0026nbsp;\u0026nbsp;\u0026nbsp;\u0026nbsp;\u0026nbsp;\u0026nbsp;\u003C\/strong\u003E\u003C\/span\u003E\u003C\/p\u003E\u003Cp\u003EMinisterio de Desarrollo Social y Familia, Servicio Nacional de la Discapacidad (Senadis) y Servicio Nacional del Adulto Mayor (Senama): Encuesta Nacional de Discapacidad y Dependencia, ENDIDE 2022.\u003C\/p\u003E\u003Cp\u003E\u003Cstrong\u003EMetodolog\u00eda:\u003C\/strong\u003E\u003C\/p\u003E\u003Cp\u003E\u003Cspan\u003EElaboraci\u00f3n propia a partir de los microdatos publicados para uso estad\u00edstico.\u0026nbsp;\u0026nbsp;\u0026nbsp;\u0026nbsp;\u0026nbsp;\u0026nbsp;\u0026nbsp;\u0026nbsp;\u0026nbsp;\u0026nbsp;\u0026nbsp;\u0026nbsp;\u003C\/span\u003E\u003C\/p\u003E\u003C\/div\u003E\n\n\u003C!-- END CUSTOM TEMPLATE OUTPUT from \u0027themes\/custom\/sub_noahs_theme\/templates\/form\/container.html.twig\u0027 --\u003E\n\n\u003C\/div\u003E\n\n\u003C!-- END CUSTOM TEMPLATE OUTPUT from \u0027themes\/custom\/sub_noahs_theme\/templates\/form\/container.html.twig\u0027 --\u003E\n\n","settings":null,"effect":"fade","speed":"slow"}]