[{"command":"insert","method":"replaceWith","selector":"#indicator-content-ajax","data":"\n\n\u003C!-- THEME DEBUG --\u003E\n\u003C!-- THEME HOOK: \u0027container\u0027 --\u003E\n\u003C!-- \ud83d\udca1 BEGIN CUSTOM TEMPLATE OUTPUT from \u0027themes\/custom\/sub_noahs_theme\/templates\/form\/container.html.twig\u0027 --\u003E\n\u003Cdiv id=\u0022indicator-content-ajax\u0022 class=\u0022daba-bank-full-main  mb-lg-0\u0022\u003E\n\n\u003C!-- THEME DEBUG --\u003E\n\u003C!-- THEME HOOK: \u0027container\u0027 --\u003E\n\u003C!-- \ud83d\udca1 BEGIN CUSTOM TEMPLATE OUTPUT from \u0027themes\/custom\/sub_noahs_theme\/templates\/form\/container.html.twig\u0027 --\u003E\n\u003Cdiv class=\u0022data-bank-indicator-title text-uppercase fs-5 fw-bold pb-2 mb-lg-0\u0022\u003E\u003Cp\u003EPrincipales resultados\u003C\/p\u003E\n\u003C\/div\u003E\n\n\u003C!-- END CUSTOM TEMPLATE OUTPUT from \u0027themes\/custom\/sub_noahs_theme\/templates\/form\/container.html.twig\u0027 --\u003E\n\n\n\n\u003C!-- THEME DEBUG --\u003E\n\u003C!-- THEME HOOK: \u0027container\u0027 --\u003E\n\u003C!-- \ud83d\udca1 BEGIN CUSTOM TEMPLATE OUTPUT from \u0027themes\/custom\/sub_noahs_theme\/templates\/form\/container.html.twig\u0027 --\u003E\n\u003Cdiv class=\u0022o-field-value mb-lg-0\u0022\u003E\u003Cp\u003EDe acuerdo con la Encuesta Nacional de Discapacidad y Dependencia 2022 (ENDIDE), una de cada dos personas con discapacidad de 15 o m\u00e1s a\u00f1os no ha completado la formaci\u00f3n media, frente a una de cada tres personas en el conjunto de la poblaci\u00f3n de 15 o m\u00e1s a\u00f1os.\u003Cspan\u003E\u0026nbsp;\u003C\/span\u003E\u003C\/p\u003E\u003Cp\u003EEl nivel educativo de las personas con discapacidad de 15 o m\u00e1s a\u00f1os es ligeramente superior en las mujeres que en los hombres, alcanza su valor m\u00e1s alto en el grupo de edad de entre 25 y 34 a\u00f1os, es mayor en las zonas urbanas que en las rurales, aumenta conforme lo hacen los ingresos per c\u00e1pita y es mayor en las personas activas, est\u00e9n ocupadas o no, que en las inactivas. Tambi\u00e9n es mayor entre las personas con discapacidad leve o moderada que entre quienes tienen discapacidad severa.\u003C\/p\u003E\u003Cp\u003E\u003Cspan\u003EPor regiones, los mayores niveles educativos de las personas con discapacidad de 15 y m\u00e1s a\u00f1os se registran en la Regi\u00f3n Metropolitana, Tarapac\u00e1, Biob\u00edo, Magallanes, Arica y Parinacota y Valpara\u00edso, y los menores en Coquimbo y \u00d1uble.\u0026nbsp;\u0026nbsp;\u0026nbsp;\u0026nbsp;\u0026nbsp;\u0026nbsp;\u0026nbsp;\u0026nbsp;\u0026nbsp;\u0026nbsp;\u0026nbsp;\u0026nbsp;\u003C\/span\u003E\u003C\/p\u003E\u003C\/div\u003E\n\n\u003C!-- END CUSTOM TEMPLATE OUTPUT from \u0027themes\/custom\/sub_noahs_theme\/templates\/form\/container.html.twig\u0027 --\u003E\n\n\u003C\/div\u003E\n\n\u003C!-- END CUSTOM TEMPLATE OUTPUT from \u0027themes\/custom\/sub_noahs_theme\/templates\/form\/container.html.twig\u0027 --\u003E\n\n","settings":null,"effect":"fade","speed":"slow"}]