[{"command":"insert","method":"replaceWith","selector":"#indicator-content-ajax","data":"\n\n\u003C!-- THEME DEBUG --\u003E\n\u003C!-- THEME HOOK: \u0027container\u0027 --\u003E\n\u003C!-- \ud83d\udca1 BEGIN CUSTOM TEMPLATE OUTPUT from \u0027themes\/custom\/sub_noahs_theme\/templates\/form\/container.html.twig\u0027 --\u003E\n\u003Cdiv id=\u0022indicator-content-ajax\u0022 class=\u0022daba-bank-full-main  mb-lg-0\u0022\u003E\n\n\u003C!-- THEME DEBUG --\u003E\n\u003C!-- THEME HOOK: \u0027container\u0027 --\u003E\n\u003C!-- \ud83d\udca1 BEGIN CUSTOM TEMPLATE OUTPUT from \u0027themes\/custom\/sub_noahs_theme\/templates\/form\/container.html.twig\u0027 --\u003E\n\u003Cdiv class=\u0022data-bank-indicator-title text-uppercase fs-5 fw-bold pb-2 mb-lg-0\u0022\u003E\u003Cp\u003EDefinici\u00f3n y fuentes\u003C\/p\u003E\n\u003C\/div\u003E\n\n\u003C!-- END CUSTOM TEMPLATE OUTPUT from \u0027themes\/custom\/sub_noahs_theme\/templates\/form\/container.html.twig\u0027 --\u003E\n\n\n\n\u003C!-- THEME DEBUG --\u003E\n\u003C!-- THEME HOOK: \u0027container\u0027 --\u003E\n\u003C!-- \ud83d\udca1 BEGIN CUSTOM TEMPLATE OUTPUT from \u0027themes\/custom\/sub_noahs_theme\/templates\/form\/container.html.twig\u0027 --\u003E\n\u003Cdiv class=\u0022o-field-value mb-lg-0\u0022\u003E\u003Cp\u003EEl Instituto Nacional de Estad\u00edstica, en el marco del Censo Nacional de Poblaci\u00f3n y Viviendas 2022, ha incorporado la medici\u00f3n de la discapacidad a trav\u00e9s de cuatro preguntas relacionadas a las dimensiones de discapacidad motriz, visual, auditiva y de cuidado personal que demostraron mejor efectividad de medici\u00f3n en las distintas pruebas llevadas a cabo en la fase de preparaci\u00f3n del Censo. Estas preguntas han permitido captar a las personas que presentan dificultad o limitaci\u00f3n permanente motriz, visual, auditiva o de cuidado personal.\u0026nbsp;\u003C\/p\u003E\u003Cp\u003ELas cuatro preguntan exploraban los siguientes aspectos:\u003C\/p\u003E\u003Cul\u003E\u003Cli\u003E\u00bfTiene dificultad o limitaci\u00f3n para caminar, subir escaleras o realizar tareas con los brazos y manos.?\u003C\/li\u003E\u003Cli\u003E\u00bfTiene dificultad o limitaci\u00f3n para ver, aun utilizando anteojos o lentes de contacto?\u003C\/li\u003E\u003Cli\u003E\u00bfTiene dificultad o limitaci\u00f3n para escuchar, aun utilizando aud\u00edfonos?\u003C\/li\u003E\u003Cli\u003E\u00bfTiene dificultad o limitaci\u00f3n para realizar tareas por s\u00ed mismo como de cuidado personal, ba\u00f1arse o vestirse?\u003C\/li\u003E\u003C\/ul\u003E\u003Cp\u003ECada una de las preguntas permit\u00eda las siguientes respuestas:\u003C\/p\u003E\u003Cul\u003E\u003Cli\u003ENo puede hacerlo\u003C\/li\u003E\u003Cli\u003ES\u00ed, mucha dificultad\u003C\/li\u003E\u003Cli\u003ES\u00ed, poca dificultad\u003C\/li\u003E\u003Cli\u003ENo, poca dificultad\u003C\/li\u003E\u003C\/ul\u003E\u003Cp\u003ELa explotaci\u00f3n de los datos del censo utiliza dos criterios de medici\u00f3n. Por una parte, considera persona con dificultad o limitaci\u00f3n a quien ha contestado que s\u00ed tiene dificultad (poca o mucha) o que no puede realizar alguna de estas actividades, y, por otra, considera persona con discapacidad a quien ha contestado que tiene mucha dificultad o no puede realizar alguna de estas actividades.\u0026nbsp;\u003C\/p\u003E\u003Cp\u003EDebido a un posible sesgo en la declaraci\u00f3n de discapacidad en personas de 0 a 4 a\u00f1os de edad, el INE ha optado por presentar los resultados a partir de los 5 a\u00f1os para su an\u00e1lisis.\u003C\/p\u003E\u003Cp\u003E\u003Cstrong\u003EFuente:\u0026nbsp;\u003C\/strong\u003E\u003C\/p\u003E\u003Cp\u003EInstituto Nacional de Estad\u00edstica (2024): Censo de Poblaci\u00f3n y Viviendas de Paraguay 2022.\u0026nbsp;\u003C\/p\u003E\u003Cp\u003E\u003Cstrong\u003EMetodolog\u00eda:\u0026nbsp;\u003C\/strong\u003E\u003C\/p\u003E\u003Cp\u003EElaboraci\u00f3n propia a partir de consultas realizadas mediante la aplicaci\u00f3n REDATAM.\u0026nbsp;\u003C\/p\u003E\u003C\/div\u003E\n\n\u003C!-- END CUSTOM TEMPLATE OUTPUT from \u0027themes\/custom\/sub_noahs_theme\/templates\/form\/container.html.twig\u0027 --\u003E\n\n\u003C\/div\u003E\n\n\u003C!-- END CUSTOM TEMPLATE OUTPUT from \u0027themes\/custom\/sub_noahs_theme\/templates\/form\/container.html.twig\u0027 --\u003E\n\n","settings":null,"effect":"fade","speed":"slow"}]